
{"id":66594,"date":"2017-07-17T23:26:29","date_gmt":"2017-07-18T02:26:29","guid":{"rendered":"http:\/\/www.sudoestehoje.com.br\/novoportal\/?p=66594"},"modified":"2017-07-17T23:26:29","modified_gmt":"2017-07-18T02:26:29","slug":"itapetinga-sob-forte-neblina","status":"publish","type":"post","link":"https:\/\/www.sudoestehoje.com.br\/novoportal\/2017\/07\/17\/itapetinga-sob-forte-neblina\/","title":{"rendered":"ITAPETINGA SOB FORTE NEBLINA"},"content":{"rendered":"<p><a href=\"http:\/\/www.sudoestehoje.com.br\/novoportal\/wp-content\/uploads\/2017\/07\/NEBLINA.jpg\"><img loading=\"lazy\" decoding=\"async\" class=\"aligncenter size-medium wp-image-66595\" src=\"http:\/\/www.sudoestehoje.com.br\/novoportal\/wp-content\/uploads\/2017\/07\/NEBLINA-500x281.jpg\" alt=\"\" width=\"500\" height=\"281\" srcset=\"https:\/\/www.sudoestehoje.com.br\/novoportal\/wp-content\/uploads\/2017\/07\/NEBLINA-500x281.jpg 500w, https:\/\/www.sudoestehoje.com.br\/novoportal\/wp-content\/uploads\/2017\/07\/NEBLINA-768x432.jpg 768w, https:\/\/www.sudoestehoje.com.br\/novoportal\/wp-content\/uploads\/2017\/07\/NEBLINA-700x394.jpg 700w, https:\/\/www.sudoestehoje.com.br\/novoportal\/wp-content\/uploads\/2017\/07\/NEBLINA.jpg 960w\" sizes=\"auto, (max-width: 500px) 100vw, 500px\" \/><\/a><\/p>\n<p>Desde o in\u00edcio do inverno, Itapetinga vem registrando temperaturas bem abaixo da m\u00e9dia dos anos anteriores. Al\u00e9m das chuvas quase que di\u00e1rias, o frio e a neblina t\u00eam estado presentes no dia a dia dos itapetinguenses, acostumados com temperaturas bem mais altas.<\/p>\n<p>Nesta segunda-feira (17), os term\u00f4metros registram 17 graus, podendo cair para 14 graus durante a madrugada.<\/p>\n<p>A foto do internauta Rubinho Nova mostra a neblina que cobre a Pra\u00e7a Dairy Valley, no centro da cidade, neste momento.<\/p>\n<p><strong><em>Reda\u00e7\u00e3o<\/em><\/strong><\/p>\n","protected":false},"excerpt":{"rendered":"<p>Desde o in\u00edcio do inverno, Itapetinga vem registrando temperaturas bem abaixo da m\u00e9dia dos anos anteriores. Al\u00e9m das chuvas quase que di\u00e1rias, o frio e a neblina t\u00eam estado presentes no dia a dia dos itapetinguenses, acostumados com temperaturas bem mais altas. Nesta segunda-feira (17), os term\u00f4metros registram 17 graus, podendo cair para 14 graus [&hellip;]<\/p>\n","protected":false},"author":2,"featured_media":66595,"comment_status":"open","ping_status":"open","sticky":false,"template":"","format":"standard","meta":{"footnotes":"","_links_to":"","_links_to_target":""},"categories":[1],"tags":[],"class_list":["post-66594","post","type-post","status-publish","format-standard","has-post-thumbnail","hentry","category-geral"],"views":2333,"_links":{"self":[{"href":"https:\/\/www.sudoestehoje.com.br\/novoportal\/wp-json\/wp\/v2\/posts\/66594","targetHints":{"allow":["GET"]}}],"collection":[{"href":"https:\/\/www.sudoestehoje.com.br\/novoportal\/wp-json\/wp\/v2\/posts"}],"about":[{"href":"https:\/\/www.sudoestehoje.com.br\/novoportal\/wp-json\/wp\/v2\/types\/post"}],"author":[{"embeddable":true,"href":"https:\/\/www.sudoestehoje.com.br\/novoportal\/wp-json\/wp\/v2\/users\/2"}],"replies":[{"embeddable":true,"href":"https:\/\/www.sudoestehoje.com.br\/novoportal\/wp-json\/wp\/v2\/comments?post=66594"}],"version-history":[{"count":2,"href":"https:\/\/www.sudoestehoje.com.br\/novoportal\/wp-json\/wp\/v2\/posts\/66594\/revisions"}],"predecessor-version":[{"id":66597,"href":"https:\/\/www.sudoestehoje.com.br\/novoportal\/wp-json\/wp\/v2\/posts\/66594\/revisions\/66597"}],"wp:featuredmedia":[{"embeddable":true,"href":"https:\/\/www.sudoestehoje.com.br\/novoportal\/wp-json\/wp\/v2\/media\/66595"}],"wp:attachment":[{"href":"https:\/\/www.sudoestehoje.com.br\/novoportal\/wp-json\/wp\/v2\/media?parent=66594"}],"wp:term":[{"taxonomy":"category","embeddable":true,"href":"https:\/\/www.sudoestehoje.com.br\/novoportal\/wp-json\/wp\/v2\/categories?post=66594"},{"taxonomy":"post_tag","embeddable":true,"href":"https:\/\/www.sudoestehoje.com.br\/novoportal\/wp-json\/wp\/v2\/tags?post=66594"}],"curies":[{"name":"wp","href":"https:\/\/api.w.org\/{rel}","templated":true}]}}