
{"id":66568,"date":"2017-07-17T13:24:32","date_gmt":"2017-07-17T16:24:32","guid":{"rendered":"http:\/\/www.sudoestehoje.com.br\/novoportal\/?p=66568"},"modified":"2017-07-17T18:01:16","modified_gmt":"2017-07-17T21:01:16","slug":"itapetinga-acusado-de-matar-adolescentes-em-festa-se-apresenta-e-fica-preso","status":"publish","type":"post","link":"https:\/\/www.sudoestehoje.com.br\/novoportal\/2017\/07\/17\/itapetinga-acusado-de-matar-adolescentes-em-festa-se-apresenta-e-fica-preso\/","title":{"rendered":"ITAPETINGA: ACUSADO DE MATAR ADOLESCENTES EM FESTA SE APRESENTA E FICA PRESO"},"content":{"rendered":"<p><a href=\"https:\/\/1.bp.blogspot.com\/-5wyXo_1Tj8M\/WWzJemp9SwI\/AAAAAAABuY8\/PN601V6-39cL6q9CeNV41_Q6Xdr6ciTvQCLcBGAs\/s1600\/IMG-20170717-WA0017.jpg\"><img loading=\"lazy\" decoding=\"async\" class=\"\" src=\"https:\/\/1.bp.blogspot.com\/-5wyXo_1Tj8M\/WWzJemp9SwI\/AAAAAAABuY8\/PN601V6-39cL6q9CeNV41_Q6Xdr6ciTvQCLcBGAs\/s400\/IMG-20170717-WA0017.jpg\" width=\"500\" height=\"500\" border=\"0\" data-original-height=\"1280\" data-original-width=\"1280\" \/><\/a><\/p>\n<p>Um elemento de nome Douglas Pereira Rocha, vulgo &#8220;Dimenor&#8221;, suspeito de assassinar a tiros os adolescentes Guilherme Davi Gomes de Almeida e Eurithon Sousa Lago, ambos de 17 anos, durante uma festa em um s\u00edtio no Vila \u00c9rica, na noite do s\u00e1bado (08), se apresentou no Complexo Policial na manh\u00e3 desta segunda-feira (17), acompanhado por uma advogada.<\/p>\n<p><a href=\"http:\/\/www.sudoestehoje.com.br\/novoportal\/wp-content\/uploads\/2017\/07\/jovens-assassinados.jpg\"><img loading=\"lazy\" decoding=\"async\" class=\"aligncenter size-medium wp-image-66402\" src=\"http:\/\/www.sudoestehoje.com.br\/novoportal\/wp-content\/uploads\/2017\/07\/jovens-assassinados-500x261.jpg\" alt=\"\" width=\"500\" height=\"261\" srcset=\"https:\/\/www.sudoestehoje.com.br\/novoportal\/wp-content\/uploads\/2017\/07\/jovens-assassinados-500x261.jpg 500w, https:\/\/www.sudoestehoje.com.br\/novoportal\/wp-content\/uploads\/2017\/07\/jovens-assassinados.jpg 768w, https:\/\/www.sudoestehoje.com.br\/novoportal\/wp-content\/uploads\/2017\/07\/jovens-assassinados-700x365.jpg 700w\" sizes=\"auto, (max-width: 500px) 100vw, 500px\" \/><\/a><\/p>\n<p>Ao se apresentar ao delegado, Douglas acabou recebendo voz de pris\u00e3o em virtude de um mandado expedido pela justi\u00e7a criminal, a pedido do delegado Roberto Junior, coordenador regional.<\/p>\n<p>Apesar de ter sido apontado e preso como autor do duplo homic\u00eddio, Douglas continua negando a autoria dos crimes.<\/p>\n","protected":false},"excerpt":{"rendered":"<p>Um elemento de nome Douglas Pereira Rocha, vulgo &#8220;Dimenor&#8221;, suspeito de assassinar a tiros os adolescentes Guilherme Davi Gomes de Almeida e Eurithon Sousa Lago, ambos de 17 anos, durante uma festa em um s\u00edtio no Vila \u00c9rica, na noite do s\u00e1bado (08), se apresentou no Complexo Policial na manh\u00e3 desta segunda-feira (17), acompanhado por [&hellip;]<\/p>\n","protected":false},"author":2,"featured_media":0,"comment_status":"open","ping_status":"open","sticky":false,"template":"","format":"standard","meta":{"footnotes":"","_links_to":"","_links_to_target":""},"categories":[1],"tags":[],"class_list":["post-66568","post","type-post","status-publish","format-standard","hentry","category-geral"],"views":3322,"_links":{"self":[{"href":"https:\/\/www.sudoestehoje.com.br\/novoportal\/wp-json\/wp\/v2\/posts\/66568","targetHints":{"allow":["GET"]}}],"collection":[{"href":"https:\/\/www.sudoestehoje.com.br\/novoportal\/wp-json\/wp\/v2\/posts"}],"about":[{"href":"https:\/\/www.sudoestehoje.com.br\/novoportal\/wp-json\/wp\/v2\/types\/post"}],"author":[{"embeddable":true,"href":"https:\/\/www.sudoestehoje.com.br\/novoportal\/wp-json\/wp\/v2\/users\/2"}],"replies":[{"embeddable":true,"href":"https:\/\/www.sudoestehoje.com.br\/novoportal\/wp-json\/wp\/v2\/comments?post=66568"}],"version-history":[{"count":5,"href":"https:\/\/www.sudoestehoje.com.br\/novoportal\/wp-json\/wp\/v2\/posts\/66568\/revisions"}],"predecessor-version":[{"id":66573,"href":"https:\/\/www.sudoestehoje.com.br\/novoportal\/wp-json\/wp\/v2\/posts\/66568\/revisions\/66573"}],"wp:attachment":[{"href":"https:\/\/www.sudoestehoje.com.br\/novoportal\/wp-json\/wp\/v2\/media?parent=66568"}],"wp:term":[{"taxonomy":"category","embeddable":true,"href":"https:\/\/www.sudoestehoje.com.br\/novoportal\/wp-json\/wp\/v2\/categories?post=66568"},{"taxonomy":"post_tag","embeddable":true,"href":"https:\/\/www.sudoestehoje.com.br\/novoportal\/wp-json\/wp\/v2\/tags?post=66568"}],"curies":[{"name":"wp","href":"https:\/\/api.w.org\/{rel}","templated":true}]}}