
{"id":6655,"date":"2011-07-11T00:04:17","date_gmt":"2011-07-11T03:04:17","guid":{"rendered":"http:\/\/www.sudoestehoje.com.br\/novoportal\/?p=6655"},"modified":"2011-07-11T00:10:00","modified_gmt":"2011-07-11T03:10:00","slug":"tv-bahia-esta-a-venda","status":"publish","type":"post","link":"https:\/\/www.sudoestehoje.com.br\/novoportal\/2011\/07\/11\/tv-bahia-esta-a-venda\/","title":{"rendered":"TV BAHIA EST\u00c1 \u00c0 VENDA"},"content":{"rendered":"<p style=\"text-align: center;\"><img decoding=\"async\" src=\"http:\/\/www.sinaprobahia.com.br\/portal\/imagens\/noticias\/g994tvbahia_interna.jpg\" alt=\"\" \/><\/p>\n<p>\u00a0<\/p>\n<p>Deu na coluna Radar, da revista Veja: \u201cEst\u00e3o em curso negocia\u00e7\u00f5es para a venda da participa\u00e7\u00e3o do empreiteiro Cesar Matta Pires, da OAS, na TV Bahia, retransmissora da Globo no Estado. A candidata a s\u00f3cia dos herdeiros de ACM \u00e9 a EPTV, tamb\u00e9m retransmissora da Globo, s\u00f3 que no interior de S\u00e3o Paulo e Minas Gerais.<\/p>\n<p>\u00c9 um neg\u00f3cio de cerca de R$ 150 milh\u00f5es. Fechar o valor da venda, no entanto, \u00e9 apenas a primeira etapa da transa\u00e7\u00e3o. (\u2026) Depois outra etapa ter\u00e1 de ser vencida: a formula\u00e7\u00e3o de um acordo de governan\u00e7a que garanta aos novos s\u00f3cios blindagem contra poss\u00edveis conflitos no cl\u00e3 Magalh\u00e3es \u2013 h\u00e1 tamb\u00e9m a possibilidade de entrada em cena de mais um herdeiro no capital da rede.<\/p>\n<p>No dia 9 de agosto, ser\u00e1 exumado o corpo de Luis Eduardo Magalh\u00e3es para a realiza\u00e7\u00e3o de um exame de DNA para definir a paternidade de um jovem de 16 anos. Se o exame der positivo, o rapaz ter\u00e1 direito a 6% da TV Bahia \u2013 mesma participa\u00e7\u00e3o dos tr\u00eas filhos do ex-deputado.\u201d<\/p>\n","protected":false},"excerpt":{"rendered":"<p>\u00a0 Deu na coluna Radar, da revista Veja: \u201cEst\u00e3o em curso negocia\u00e7\u00f5es para a venda da participa\u00e7\u00e3o do empreiteiro Cesar Matta Pires, da OAS, na TV Bahia, retransmissora da Globo no Estado. A candidata a s\u00f3cia dos herdeiros de ACM \u00e9 a EPTV, tamb\u00e9m retransmissora da Globo, s\u00f3 que no interior de S\u00e3o Paulo e [&hellip;]<\/p>\n","protected":false},"author":2,"featured_media":0,"comment_status":"open","ping_status":"open","sticky":false,"template":"","format":"standard","meta":{"footnotes":"","_links_to":"","_links_to_target":""},"categories":[1],"tags":[],"class_list":["post-6655","post","type-post","status-publish","format-standard","hentry","category-geral"],"views":1246,"_links":{"self":[{"href":"https:\/\/www.sudoestehoje.com.br\/novoportal\/wp-json\/wp\/v2\/posts\/6655","targetHints":{"allow":["GET"]}}],"collection":[{"href":"https:\/\/www.sudoestehoje.com.br\/novoportal\/wp-json\/wp\/v2\/posts"}],"about":[{"href":"https:\/\/www.sudoestehoje.com.br\/novoportal\/wp-json\/wp\/v2\/types\/post"}],"author":[{"embeddable":true,"href":"https:\/\/www.sudoestehoje.com.br\/novoportal\/wp-json\/wp\/v2\/users\/2"}],"replies":[{"embeddable":true,"href":"https:\/\/www.sudoestehoje.com.br\/novoportal\/wp-json\/wp\/v2\/comments?post=6655"}],"version-history":[{"count":3,"href":"https:\/\/www.sudoestehoje.com.br\/novoportal\/wp-json\/wp\/v2\/posts\/6655\/revisions"}],"predecessor-version":[{"id":6657,"href":"https:\/\/www.sudoestehoje.com.br\/novoportal\/wp-json\/wp\/v2\/posts\/6655\/revisions\/6657"}],"wp:attachment":[{"href":"https:\/\/www.sudoestehoje.com.br\/novoportal\/wp-json\/wp\/v2\/media?parent=6655"}],"wp:term":[{"taxonomy":"category","embeddable":true,"href":"https:\/\/www.sudoestehoje.com.br\/novoportal\/wp-json\/wp\/v2\/categories?post=6655"},{"taxonomy":"post_tag","embeddable":true,"href":"https:\/\/www.sudoestehoje.com.br\/novoportal\/wp-json\/wp\/v2\/tags?post=6655"}],"curies":[{"name":"wp","href":"https:\/\/api.w.org\/{rel}","templated":true}]}}