
{"id":66525,"date":"2017-07-14T13:22:55","date_gmt":"2017-07-14T16:22:55","guid":{"rendered":"http:\/\/www.sudoestehoje.com.br\/novoportal\/?p=66525"},"modified":"2017-07-14T13:22:55","modified_gmt":"2017-07-14T16:22:55","slug":"bahia-exigencias-do-psd-podem-levar-base-do-governador-rui-costa-ao-racha","status":"publish","type":"post","link":"https:\/\/www.sudoestehoje.com.br\/novoportal\/2017\/07\/14\/bahia-exigencias-do-psd-podem-levar-base-do-governador-rui-costa-ao-racha\/","title":{"rendered":"BAHIA: EXIG\u00caNCIAS DO PSD PODEM LEVAR BASE DO GOVERNADOR RUI COSTA AO &#8220;RACHA&#8221;"},"content":{"rendered":"<p><a href=\"http:\/\/www.sudoestehoje.com.br\/novoportal\/wp-content\/uploads\/2017\/07\/ANGELO-CORONEL-E-RUI.jpg\"><img loading=\"lazy\" decoding=\"async\" class=\"aligncenter size-medium wp-image-66527\" src=\"http:\/\/www.sudoestehoje.com.br\/novoportal\/wp-content\/uploads\/2017\/07\/ANGELO-CORONEL-E-RUI-500x350.jpg\" alt=\"\" width=\"500\" height=\"350\" srcset=\"https:\/\/www.sudoestehoje.com.br\/novoportal\/wp-content\/uploads\/2017\/07\/ANGELO-CORONEL-E-RUI-500x350.jpg 500w, https:\/\/www.sudoestehoje.com.br\/novoportal\/wp-content\/uploads\/2017\/07\/ANGELO-CORONEL-E-RUI.jpg 600w\" sizes=\"auto, (max-width: 500px) 100vw, 500px\" \/><\/a><\/p>\n<p>As declara\u00e7\u00f5es do presidente da Assembleia, Angelo Coronel (PSD), t\u00eam irritado l\u00edderes de demais partidos aliados ao governador Rui Costa (PT), revela a Coluna Sat\u00e9lite, do Jornal Correio, publicada nesta sexta-feira (14).<\/p>\n<p>Nos \u00faltimos dias, Coronel passou a defender publicamente a candidatura pr\u00f3pria do partido na sucess\u00e3o ou lugar privilegiado na chapa majorit\u00e1ria. Embora considerem o PSD o mais forte no jogo com outras legendas, caciques da base classificam o posicionamento como \u201carrogante\u201d. O que, para eles, pode levar ao racha .<\/p>\n","protected":false},"excerpt":{"rendered":"<p>As declara\u00e7\u00f5es do presidente da Assembleia, Angelo Coronel (PSD), t\u00eam irritado l\u00edderes de demais partidos aliados ao governador Rui Costa (PT), revela a Coluna Sat\u00e9lite, do Jornal Correio, publicada nesta sexta-feira (14). Nos \u00faltimos dias, Coronel passou a defender publicamente a candidatura pr\u00f3pria do partido na sucess\u00e3o ou lugar privilegiado na chapa majorit\u00e1ria. Embora considerem [&hellip;]<\/p>\n","protected":false},"author":2,"featured_media":66527,"comment_status":"open","ping_status":"open","sticky":false,"template":"","format":"standard","meta":{"footnotes":"","_links_to":"","_links_to_target":""},"categories":[1],"tags":[],"class_list":["post-66525","post","type-post","status-publish","format-standard","has-post-thumbnail","hentry","category-geral"],"views":1162,"_links":{"self":[{"href":"https:\/\/www.sudoestehoje.com.br\/novoportal\/wp-json\/wp\/v2\/posts\/66525","targetHints":{"allow":["GET"]}}],"collection":[{"href":"https:\/\/www.sudoestehoje.com.br\/novoportal\/wp-json\/wp\/v2\/posts"}],"about":[{"href":"https:\/\/www.sudoestehoje.com.br\/novoportal\/wp-json\/wp\/v2\/types\/post"}],"author":[{"embeddable":true,"href":"https:\/\/www.sudoestehoje.com.br\/novoportal\/wp-json\/wp\/v2\/users\/2"}],"replies":[{"embeddable":true,"href":"https:\/\/www.sudoestehoje.com.br\/novoportal\/wp-json\/wp\/v2\/comments?post=66525"}],"version-history":[{"count":2,"href":"https:\/\/www.sudoestehoje.com.br\/novoportal\/wp-json\/wp\/v2\/posts\/66525\/revisions"}],"predecessor-version":[{"id":66528,"href":"https:\/\/www.sudoestehoje.com.br\/novoportal\/wp-json\/wp\/v2\/posts\/66525\/revisions\/66528"}],"wp:featuredmedia":[{"embeddable":true,"href":"https:\/\/www.sudoestehoje.com.br\/novoportal\/wp-json\/wp\/v2\/media\/66527"}],"wp:attachment":[{"href":"https:\/\/www.sudoestehoje.com.br\/novoportal\/wp-json\/wp\/v2\/media?parent=66525"}],"wp:term":[{"taxonomy":"category","embeddable":true,"href":"https:\/\/www.sudoestehoje.com.br\/novoportal\/wp-json\/wp\/v2\/categories?post=66525"},{"taxonomy":"post_tag","embeddable":true,"href":"https:\/\/www.sudoestehoje.com.br\/novoportal\/wp-json\/wp\/v2\/tags?post=66525"}],"curies":[{"name":"wp","href":"https:\/\/api.w.org\/{rel}","templated":true}]}}