
{"id":66523,"date":"2017-07-14T11:31:48","date_gmt":"2017-07-14T14:31:48","guid":{"rendered":"http:\/\/www.sudoestehoje.com.br\/novoportal\/?p=66523"},"modified":"2017-07-14T11:31:48","modified_gmt":"2017-07-14T14:31:48","slug":"conquista-motoristas-preparam-protesto-contra-preco-alto-da-gasolina-2","status":"publish","type":"post","link":"https:\/\/www.sudoestehoje.com.br\/novoportal\/2017\/07\/14\/conquista-motoristas-preparam-protesto-contra-preco-alto-da-gasolina-2\/","title":{"rendered":"CONQUISTA: MOTORISTAS PREPARAM PROTESTO CONTRA PRE\u00c7O ALTO DA GASOLINA"},"content":{"rendered":"<p><a href=\"http:\/\/www.sudoestehoje.com.br\/novoportal\/wp-content\/uploads\/2017\/07\/gasolina.jpg\"><img loading=\"lazy\" decoding=\"async\" class=\"aligncenter size-medium wp-image-66442\" src=\"http:\/\/www.sudoestehoje.com.br\/novoportal\/wp-content\/uploads\/2017\/07\/gasolina-500x281.jpg\" alt=\"\" width=\"500\" height=\"281\" srcset=\"https:\/\/www.sudoestehoje.com.br\/novoportal\/wp-content\/uploads\/2017\/07\/gasolina-500x281.jpg 500w, https:\/\/www.sudoestehoje.com.br\/novoportal\/wp-content\/uploads\/2017\/07\/gasolina-768x432.jpg 768w, https:\/\/www.sudoestehoje.com.br\/novoportal\/wp-content\/uploads\/2017\/07\/gasolina-700x394.jpg 700w, https:\/\/www.sudoestehoje.com.br\/novoportal\/wp-content\/uploads\/2017\/07\/gasolina.jpg 1280w\" sizes=\"auto, (max-width: 500px) 100vw, 500px\" \/><\/a><\/p>\n<p>Ap\u00f3s diversas denuncias da imprensa, inclusive do Sudoeste Hoje, dando conta de que a cidade de Vit\u00f3ria da Conquista possui uma das gasolinas mais caras do pa\u00eds, um grupo de motoristas prepara uma carreata para protestar contra o\u00a0<em>cartel<\/em>\u00a0que mant\u00e9m os pre\u00e7os dos combust\u00edveis nas alturas.<\/p>\n<p>O alto pre\u00e7o da gasolina em Conquista \u00e9 inadmiss\u00edvel, at\u00e9 porque a cidade fica a apenas 150 quil\u00f4metros de Jequi\u00e9 e a 270 de Ilh\u00e9us, onde est\u00e3o localizadas as distribuidoras.\u00a0Em outros munic\u00edpios mais distantes das distribuidoras, a exemplo de Itapetinga, a gasolina \u00e9 comercializada a R$ 3,29, o que causa indigna\u00e7\u00e3o aos conquistenses, onde a gasolina \u00e9 vendida a R$ 3,80.<\/p>\n<p>A carreata de protesto contra o cartel da gasolina cara ser\u00e1 realizada na manh\u00e3 deste s\u00e1bado (15), com concentra\u00e7\u00e3o a partir das 9h, na Avenida Ol\u00edvia Flores, nas proximidades da Coelba.<\/p>\n<p><strong><em>Por Davi Ferraz<\/em><\/strong><\/p>\n","protected":false},"excerpt":{"rendered":"<p>Ap\u00f3s diversas denuncias da imprensa, inclusive do Sudoeste Hoje, dando conta de que a cidade de Vit\u00f3ria da Conquista possui uma das gasolinas mais caras do pa\u00eds, um grupo de motoristas prepara uma carreata para protestar contra o\u00a0cartel\u00a0que mant\u00e9m os pre\u00e7os dos combust\u00edveis nas alturas. O alto pre\u00e7o da gasolina em Conquista \u00e9 inadmiss\u00edvel, at\u00e9 [&hellip;]<\/p>\n","protected":false},"author":2,"featured_media":66442,"comment_status":"open","ping_status":"open","sticky":false,"template":"","format":"standard","meta":{"footnotes":"","_links_to":"","_links_to_target":""},"categories":[1],"tags":[],"class_list":["post-66523","post","type-post","status-publish","format-standard","has-post-thumbnail","hentry","category-geral"],"views":2218,"_links":{"self":[{"href":"https:\/\/www.sudoestehoje.com.br\/novoportal\/wp-json\/wp\/v2\/posts\/66523","targetHints":{"allow":["GET"]}}],"collection":[{"href":"https:\/\/www.sudoestehoje.com.br\/novoportal\/wp-json\/wp\/v2\/posts"}],"about":[{"href":"https:\/\/www.sudoestehoje.com.br\/novoportal\/wp-json\/wp\/v2\/types\/post"}],"author":[{"embeddable":true,"href":"https:\/\/www.sudoestehoje.com.br\/novoportal\/wp-json\/wp\/v2\/users\/2"}],"replies":[{"embeddable":true,"href":"https:\/\/www.sudoestehoje.com.br\/novoportal\/wp-json\/wp\/v2\/comments?post=66523"}],"version-history":[{"count":1,"href":"https:\/\/www.sudoestehoje.com.br\/novoportal\/wp-json\/wp\/v2\/posts\/66523\/revisions"}],"predecessor-version":[{"id":66524,"href":"https:\/\/www.sudoestehoje.com.br\/novoportal\/wp-json\/wp\/v2\/posts\/66523\/revisions\/66524"}],"wp:featuredmedia":[{"embeddable":true,"href":"https:\/\/www.sudoestehoje.com.br\/novoportal\/wp-json\/wp\/v2\/media\/66442"}],"wp:attachment":[{"href":"https:\/\/www.sudoestehoje.com.br\/novoportal\/wp-json\/wp\/v2\/media?parent=66523"}],"wp:term":[{"taxonomy":"category","embeddable":true,"href":"https:\/\/www.sudoestehoje.com.br\/novoportal\/wp-json\/wp\/v2\/categories?post=66523"},{"taxonomy":"post_tag","embeddable":true,"href":"https:\/\/www.sudoestehoje.com.br\/novoportal\/wp-json\/wp\/v2\/tags?post=66523"}],"curies":[{"name":"wp","href":"https:\/\/api.w.org\/{rel}","templated":true}]}}