
{"id":66511,"date":"2017-07-13T20:20:04","date_gmt":"2017-07-13T23:20:04","guid":{"rendered":"http:\/\/www.sudoestehoje.com.br\/novoportal\/?p=66511"},"modified":"2017-07-13T23:51:00","modified_gmt":"2017-07-14T02:51:00","slug":"desembargador-do-trf-1-autoriza-geddel-ser-liberado-sem-tornozeleira","status":"publish","type":"post","link":"https:\/\/www.sudoestehoje.com.br\/novoportal\/2017\/07\/13\/desembargador-do-trf-1-autoriza-geddel-ser-liberado-sem-tornozeleira\/","title":{"rendered":"DESEMBARGADOR DO TRF-1 AUTORIZA GEDDEL SER LIBERADO SEM TORNOZELEIRA"},"content":{"rendered":"<p><a href=\"http:\/\/www.sudoestehoje.com.br\/novoportal\/wp-content\/uploads\/2017\/07\/EX-MINISTRO-GEDDEL-500x262.jpg\"><img loading=\"lazy\" decoding=\"async\" class=\"aligncenter size-medium wp-image-66514\" src=\"http:\/\/www.sudoestehoje.com.br\/novoportal\/wp-content\/uploads\/2017\/07\/EX-MINISTRO-GEDDEL-500x262-500x262.jpg\" alt=\"\" width=\"500\" height=\"262\" \/><\/a><\/p>\n<p>O desembargador Ney Bello, do Tribunal Regional Federal da 1\u00aa Regi\u00e3o (TRF), autorizou o ex-ministro Geddel Vieira Lima a deixar o pres\u00eddio da Papuda, em Bras\u00edlia, sem tornozeleira eletr\u00f4nica.<\/p>\n<p>De acordo com a decis\u00e3o, diante da aus\u00eancia do equipamento na capital federal, Geddel poder\u00e1 voltar para a capital baiana. Horas atr\u00e1s, o Governo da Bahia tamb\u00e9m se pronunciou afirmando &#8220;n\u00e3o possuir&#8221; o equipamento.<\/p>\n<p>O magistrado ainda ordenou que a\u00a0Superintend\u00eancia da Pol\u00edcia Federal na Bahia cumpra a decis\u00e3o em 48 horas. Nesta quarta (12), o mesmo desembargador autorizou o ex-ministro a cumprir pris\u00e3o domiciliar, que ser\u00e1 cumprida na Bahia.<\/p>\n<p>ATUALIZA\u00c7\u00c3O 23:30<\/p>\n<p>NOVO PEDIDO DE PRIS\u00c3O \u00c9 NEGADO<\/p>\n<p>O juiz Vallisney de Souza Oliveira,\u00a0do Tribunal Regional Federal da 1\u00aa Regi\u00e3o (TRF-1),\u00a0negou um novo pedido do Minist\u00e9rio P\u00fablico Federal (MPF) pela pris\u00e3o de Geddel Vieira Lima nesta quinta-feira (13). O MPF argumentou que surgiram novos elementos contra Geddel que indicam a pr\u00e1tica de embara\u00e7o \u00e0 investiga\u00e7\u00e3o do crime de organiza\u00e7\u00e3o criminosa. O Juiz refutou os argumentos do MPF, o que mant\u00e9m Geddel em regime de pris\u00e3o domiciliar.<\/p>\n<p>EX-MINISTRO \u00c9 LIBERADO<\/p>\n<p>O ex-ministro deixou na noite desta quinta-feira (13) o Complexo Penitenci\u00e1rio da Papuda, em Bras\u00edlia, informou a Secretaria de Seguran\u00e7a P\u00fablica do Distrito Federal.<\/p>\n","protected":false},"excerpt":{"rendered":"<p>O desembargador Ney Bello, do Tribunal Regional Federal da 1\u00aa Regi\u00e3o (TRF), autorizou o ex-ministro Geddel Vieira Lima a deixar o pres\u00eddio da Papuda, em Bras\u00edlia, sem tornozeleira eletr\u00f4nica. De acordo com a decis\u00e3o, diante da aus\u00eancia do equipamento na capital federal, Geddel poder\u00e1 voltar para a capital baiana. Horas atr\u00e1s, o Governo da Bahia [&hellip;]<\/p>\n","protected":false},"author":2,"featured_media":66514,"comment_status":"open","ping_status":"open","sticky":false,"template":"","format":"standard","meta":{"footnotes":"","_links_to":"","_links_to_target":""},"categories":[1],"tags":[],"class_list":["post-66511","post","type-post","status-publish","format-standard","has-post-thumbnail","hentry","category-geral"],"views":1300,"_links":{"self":[{"href":"https:\/\/www.sudoestehoje.com.br\/novoportal\/wp-json\/wp\/v2\/posts\/66511","targetHints":{"allow":["GET"]}}],"collection":[{"href":"https:\/\/www.sudoestehoje.com.br\/novoportal\/wp-json\/wp\/v2\/posts"}],"about":[{"href":"https:\/\/www.sudoestehoje.com.br\/novoportal\/wp-json\/wp\/v2\/types\/post"}],"author":[{"embeddable":true,"href":"https:\/\/www.sudoestehoje.com.br\/novoportal\/wp-json\/wp\/v2\/users\/2"}],"replies":[{"embeddable":true,"href":"https:\/\/www.sudoestehoje.com.br\/novoportal\/wp-json\/wp\/v2\/comments?post=66511"}],"version-history":[{"count":4,"href":"https:\/\/www.sudoestehoje.com.br\/novoportal\/wp-json\/wp\/v2\/posts\/66511\/revisions"}],"predecessor-version":[{"id":66518,"href":"https:\/\/www.sudoestehoje.com.br\/novoportal\/wp-json\/wp\/v2\/posts\/66511\/revisions\/66518"}],"wp:featuredmedia":[{"embeddable":true,"href":"https:\/\/www.sudoestehoje.com.br\/novoportal\/wp-json\/wp\/v2\/media\/66514"}],"wp:attachment":[{"href":"https:\/\/www.sudoestehoje.com.br\/novoportal\/wp-json\/wp\/v2\/media?parent=66511"}],"wp:term":[{"taxonomy":"category","embeddable":true,"href":"https:\/\/www.sudoestehoje.com.br\/novoportal\/wp-json\/wp\/v2\/categories?post=66511"},{"taxonomy":"post_tag","embeddable":true,"href":"https:\/\/www.sudoestehoje.com.br\/novoportal\/wp-json\/wp\/v2\/tags?post=66511"}],"curies":[{"name":"wp","href":"https:\/\/api.w.org\/{rel}","templated":true}]}}