
{"id":66506,"date":"2017-07-13T19:54:48","date_gmt":"2017-07-13T22:54:48","guid":{"rendered":"http:\/\/www.sudoestehoje.com.br\/novoportal\/?p=66506"},"modified":"2017-07-13T19:54:48","modified_gmt":"2017-07-13T22:54:48","slug":"michel-temer-sanciona-sem-vetos-lei-da-reforma-trabalhista","status":"publish","type":"post","link":"https:\/\/www.sudoestehoje.com.br\/novoportal\/2017\/07\/13\/michel-temer-sanciona-sem-vetos-lei-da-reforma-trabalhista\/","title":{"rendered":"MICHEL TEMER SANCIONA SEM VETOS LEI DA REFORMA TRABALHISTA"},"content":{"rendered":"<p><a href=\"http:\/\/www.sudoestehoje.com.br\/novoportal\/wp-content\/uploads\/2017\/07\/REFORMA-TRABALHISTA.jpg\"><img loading=\"lazy\" decoding=\"async\" class=\"aligncenter size-medium wp-image-66508\" src=\"http:\/\/www.sudoestehoje.com.br\/novoportal\/wp-content\/uploads\/2017\/07\/REFORMA-TRABALHISTA-500x331.jpg\" alt=\"\" width=\"500\" height=\"331\" srcset=\"https:\/\/www.sudoestehoje.com.br\/novoportal\/wp-content\/uploads\/2017\/07\/REFORMA-TRABALHISTA-500x331.jpg 500w, https:\/\/www.sudoestehoje.com.br\/novoportal\/wp-content\/uploads\/2017\/07\/REFORMA-TRABALHISTA.jpg 640w\" sizes=\"auto, (max-width: 500px) 100vw, 500px\" \/><\/a><\/p>\n<p>O presidente Michel Temer sancionou nesta quinta-feira (13), sem vetos, a reforma trabalhista, intitulada Lei de Moderniza\u00e7\u00e3o Trabalhista, em evento no Pal\u00e1cio do Planalto. Diante de uma plateia repleta de ministros e parlamentares, Temer disse que os direitos dos trabalhadores est\u00e3o sendo preservados.<\/p>\n<p>\u201cEsse projeto de Lei \u00e9 a s\u00edntese de como esse governo age. Como eu tenho dito, o di\u00e1logo \u00e9 essencial, mas tamb\u00e9m a responsabilidade social. Estamos preservando todos os direitos dos trabalhadores. A Constitui\u00e7\u00e3o Federal assim determina\u201d, disse.<\/p>\n<p>O presidente reafirmou a import\u00e2ncia do di\u00e1logo com o Congresso durante o seu governo. \u201cEu devo registrar, que desde o in\u00edcio do meu mandato, eu assumi o compromisso de levar adiante as reformas com apoio expressivo do Congresso Nacional. O Legislativo quando aprova, como aprovou agora, est\u00e1 ajudando a governar. E de outro lado, n\u00f3s dialogamos com a sociedade\u201d.<\/p>\n<p>Foi o cap\u00edtulo final de um longo caminho para o governo e seus aliados no Congresso. Debates em comiss\u00f5es na C\u00e2mara e no Senado e, no dia da vota\u00e7\u00e3o final, senadoras de oposi\u00e7\u00e3o impedindo a realiza\u00e7\u00e3o da vota\u00e7\u00e3o no plen\u00e1rio por sete horas. Sem citar diretamente a oposi\u00e7\u00e3o, Temer criticou a disputa pol\u00edtica no \u00e2mbito das reformas.<\/p>\n","protected":false},"excerpt":{"rendered":"<p>O presidente Michel Temer sancionou nesta quinta-feira (13), sem vetos, a reforma trabalhista, intitulada Lei de Moderniza\u00e7\u00e3o Trabalhista, em evento no Pal\u00e1cio do Planalto. Diante de uma plateia repleta de ministros e parlamentares, Temer disse que os direitos dos trabalhadores est\u00e3o sendo preservados. \u201cEsse projeto de Lei \u00e9 a s\u00edntese de como esse governo age. [&hellip;]<\/p>\n","protected":false},"author":2,"featured_media":66508,"comment_status":"open","ping_status":"open","sticky":false,"template":"","format":"standard","meta":{"footnotes":"","_links_to":"","_links_to_target":""},"categories":[1],"tags":[],"class_list":["post-66506","post","type-post","status-publish","format-standard","has-post-thumbnail","hentry","category-geral"],"views":1196,"_links":{"self":[{"href":"https:\/\/www.sudoestehoje.com.br\/novoportal\/wp-json\/wp\/v2\/posts\/66506","targetHints":{"allow":["GET"]}}],"collection":[{"href":"https:\/\/www.sudoestehoje.com.br\/novoportal\/wp-json\/wp\/v2\/posts"}],"about":[{"href":"https:\/\/www.sudoestehoje.com.br\/novoportal\/wp-json\/wp\/v2\/types\/post"}],"author":[{"embeddable":true,"href":"https:\/\/www.sudoestehoje.com.br\/novoportal\/wp-json\/wp\/v2\/users\/2"}],"replies":[{"embeddable":true,"href":"https:\/\/www.sudoestehoje.com.br\/novoportal\/wp-json\/wp\/v2\/comments?post=66506"}],"version-history":[{"count":2,"href":"https:\/\/www.sudoestehoje.com.br\/novoportal\/wp-json\/wp\/v2\/posts\/66506\/revisions"}],"predecessor-version":[{"id":66509,"href":"https:\/\/www.sudoestehoje.com.br\/novoportal\/wp-json\/wp\/v2\/posts\/66506\/revisions\/66509"}],"wp:featuredmedia":[{"embeddable":true,"href":"https:\/\/www.sudoestehoje.com.br\/novoportal\/wp-json\/wp\/v2\/media\/66508"}],"wp:attachment":[{"href":"https:\/\/www.sudoestehoje.com.br\/novoportal\/wp-json\/wp\/v2\/media?parent=66506"}],"wp:term":[{"taxonomy":"category","embeddable":true,"href":"https:\/\/www.sudoestehoje.com.br\/novoportal\/wp-json\/wp\/v2\/categories?post=66506"},{"taxonomy":"post_tag","embeddable":true,"href":"https:\/\/www.sudoestehoje.com.br\/novoportal\/wp-json\/wp\/v2\/tags?post=66506"}],"curies":[{"name":"wp","href":"https:\/\/api.w.org\/{rel}","templated":true}]}}