
{"id":66500,"date":"2017-07-12T23:51:53","date_gmt":"2017-07-13T02:51:53","guid":{"rendered":"http:\/\/www.sudoestehoje.com.br\/novoportal\/?p=66500"},"modified":"2017-07-12T23:51:53","modified_gmt":"2017-07-13T02:51:53","slug":"juizes-considerados-linha-dura-vao-julgar-recurso-de-lula-no-trf-4","status":"publish","type":"post","link":"https:\/\/www.sudoestehoje.com.br\/novoportal\/2017\/07\/12\/juizes-considerados-linha-dura-vao-julgar-recurso-de-lula-no-trf-4\/","title":{"rendered":"JU\u00cdZES CONSIDERADOS &#8220;LINHA DURA&#8221; V\u00c3O JULGAR RECURSO DE LULA NO TRF-4"},"content":{"rendered":"<p><a href=\"http:\/\/www.sudoestehoje.com.br\/novoportal\/wp-content\/uploads\/2017\/07\/JUIZES-TRF-4.jpg\"><img loading=\"lazy\" decoding=\"async\" class=\"aligncenter size-medium wp-image-66501\" src=\"http:\/\/www.sudoestehoje.com.br\/novoportal\/wp-content\/uploads\/2017\/07\/JUIZES-TRF-4-500x337.jpg\" alt=\"\" width=\"500\" height=\"337\" srcset=\"https:\/\/www.sudoestehoje.com.br\/novoportal\/wp-content\/uploads\/2017\/07\/JUIZES-TRF-4-500x337.jpg 500w, https:\/\/www.sudoestehoje.com.br\/novoportal\/wp-content\/uploads\/2017\/07\/JUIZES-TRF-4.jpg 677w\" sizes=\"auto, (max-width: 500px) 100vw, 500px\" \/><\/a><\/p>\n<p>As decis\u00f5es do juiz federal Sergio Moro, que conduz a Opera\u00e7\u00e3o Lava Jato em primeira inst\u00e2ncia em Curitiba e acabou de condenar o ex-presidente Luiz In\u00e1cio Lula da Silva a nove anos e meio de pris\u00e3o, passam pelo crivo de tr\u00eas desembargadores federais do Tribunal Regional Federal da 4\u00aa Regi\u00e3o (TRF4) em segunda inst\u00e2ncia. S\u00e3o eles que v\u00e3o decidir que ratificam a condena\u00e7\u00e3o do petista e, em consequ\u00eancia, determinam sua pris\u00e3o e sua inelegibilidade para 2018.<\/p>\n<p>Jo\u00e3o Pedro Gebran Neto, relator da Lava Jato no TRF4, Leandro Paulsen e Victor Luiz dos Santos Laus, membros da 8\u00aa Turma da Corte sediada em Porto Alegre, mantiveram condenados at\u00e9 agora 34 dos 39 r\u00e9us considerados culpados por Moro. Apenas cinco foram absolvidos no tribunal. Conhecidos pelo perfil \u201clinha dura\u201d e a m\u00e3o pesada quando aumentam as penas estipuladas pelo magistrado, os desembargadores elevaram a soma de 398 anos de pris\u00e3o decretados por Moro nestas senten\u00e7as a 487 anos.<\/p>\n<p>Com a decis\u00e3o do Supremo Tribunal Federal (STF) de fixar o cumprimento de pena a partir de condena\u00e7\u00f5es em segunda inst\u00e2ncia e a Lei da Ficha Limpa, que impede candidaturas em elei\u00e7\u00f5es de condenados nesta jurisdi\u00e7\u00e3o, as decis\u00f5es de Gebran, Poulsen e Laus na Lava Jato ganham ainda mais peso.<\/p>\n","protected":false},"excerpt":{"rendered":"<p>As decis\u00f5es do juiz federal Sergio Moro, que conduz a Opera\u00e7\u00e3o Lava Jato em primeira inst\u00e2ncia em Curitiba e acabou de condenar o ex-presidente Luiz In\u00e1cio Lula da Silva a nove anos e meio de pris\u00e3o, passam pelo crivo de tr\u00eas desembargadores federais do Tribunal Regional Federal da 4\u00aa Regi\u00e3o (TRF4) em segunda inst\u00e2ncia. S\u00e3o [&hellip;]<\/p>\n","protected":false},"author":2,"featured_media":66501,"comment_status":"open","ping_status":"open","sticky":false,"template":"","format":"standard","meta":{"footnotes":"","_links_to":"","_links_to_target":""},"categories":[1],"tags":[],"class_list":["post-66500","post","type-post","status-publish","format-standard","has-post-thumbnail","hentry","category-geral"],"views":1281,"_links":{"self":[{"href":"https:\/\/www.sudoestehoje.com.br\/novoportal\/wp-json\/wp\/v2\/posts\/66500","targetHints":{"allow":["GET"]}}],"collection":[{"href":"https:\/\/www.sudoestehoje.com.br\/novoportal\/wp-json\/wp\/v2\/posts"}],"about":[{"href":"https:\/\/www.sudoestehoje.com.br\/novoportal\/wp-json\/wp\/v2\/types\/post"}],"author":[{"embeddable":true,"href":"https:\/\/www.sudoestehoje.com.br\/novoportal\/wp-json\/wp\/v2\/users\/2"}],"replies":[{"embeddable":true,"href":"https:\/\/www.sudoestehoje.com.br\/novoportal\/wp-json\/wp\/v2\/comments?post=66500"}],"version-history":[{"count":1,"href":"https:\/\/www.sudoestehoje.com.br\/novoportal\/wp-json\/wp\/v2\/posts\/66500\/revisions"}],"predecessor-version":[{"id":66502,"href":"https:\/\/www.sudoestehoje.com.br\/novoportal\/wp-json\/wp\/v2\/posts\/66500\/revisions\/66502"}],"wp:featuredmedia":[{"embeddable":true,"href":"https:\/\/www.sudoestehoje.com.br\/novoportal\/wp-json\/wp\/v2\/media\/66501"}],"wp:attachment":[{"href":"https:\/\/www.sudoestehoje.com.br\/novoportal\/wp-json\/wp\/v2\/media?parent=66500"}],"wp:term":[{"taxonomy":"category","embeddable":true,"href":"https:\/\/www.sudoestehoje.com.br\/novoportal\/wp-json\/wp\/v2\/categories?post=66500"},{"taxonomy":"post_tag","embeddable":true,"href":"https:\/\/www.sudoestehoje.com.br\/novoportal\/wp-json\/wp\/v2\/tags?post=66500"}],"curies":[{"name":"wp","href":"https:\/\/api.w.org\/{rel}","templated":true}]}}