
{"id":66485,"date":"2017-07-12T18:25:57","date_gmt":"2017-07-12T21:25:57","guid":{"rendered":"http:\/\/www.sudoestehoje.com.br\/novoportal\/?p=66485"},"modified":"2017-07-12T22:33:36","modified_gmt":"2017-07-13T01:33:36","slug":"itapetinga-prefeito-rodrigo-hagge-e-recebido-no-palacio-planalto","status":"publish","type":"post","link":"https:\/\/www.sudoestehoje.com.br\/novoportal\/2017\/07\/12\/itapetinga-prefeito-rodrigo-hagge-e-recebido-no-palacio-planalto\/","title":{"rendered":"ITAPETINGA: PREFEITO RODRIGO HAGGE \u00c9 RECEBIDO NO PAL\u00c1CIO PLANALTO"},"content":{"rendered":"<p><a href=\"http:\/\/www.sudoestehoje.com.br\/novoportal\/wp-content\/uploads\/2017\/07\/rodrigo-no-Planalto.jpg\"><img loading=\"lazy\" decoding=\"async\" class=\"aligncenter size-medium wp-image-66492\" src=\"http:\/\/www.sudoestehoje.com.br\/novoportal\/wp-content\/uploads\/2017\/07\/rodrigo-no-Planalto-500x333.jpg\" alt=\"\" width=\"500\" height=\"333\" srcset=\"https:\/\/www.sudoestehoje.com.br\/novoportal\/wp-content\/uploads\/2017\/07\/rodrigo-no-Planalto-500x333.jpg 500w, https:\/\/www.sudoestehoje.com.br\/novoportal\/wp-content\/uploads\/2017\/07\/rodrigo-no-Planalto-768x512.jpg 768w, https:\/\/www.sudoestehoje.com.br\/novoportal\/wp-content\/uploads\/2017\/07\/rodrigo-no-Planalto-700x467.jpg 700w, https:\/\/www.sudoestehoje.com.br\/novoportal\/wp-content\/uploads\/2017\/07\/rodrigo-no-Planalto.jpg 960w\" sizes=\"auto, (max-width: 500px) 100vw, 500px\" \/><\/a><\/p>\n<p>Na in\u00edcio da noite desta quarta-feira (12), o prefeito de Itapetinga foi recebido no Pal\u00e1cio do Planalto, em Brasilia, pelo ministro chefe da Secretaria da Presid\u00eancia da Rep\u00fablica, Ant\u00f4nio Imbassahy, deputado baiano que ocupa o ministerio desde a sa\u00edda do ex-ministro Geddel Vieira Lima<\/p>\n<p>Dentre as diversas reivindica\u00e7\u00f5es, Rodrigo Hagge solicitou a libera\u00e7\u00e3o de verbas federais para tocar em frente o projeto de requalifica\u00e7\u00e3o de diversas pra\u00e7as de Itapetinga.<\/p>\n<p>Neste momento Rodrigo se encontra reunido com o ministro e sua equipe, para encaminhamento dos pleitos do munic\u00edpio. Para isto Rodrigo contou com o total apoio de Paulo C\u00e2mara, vereador licenciado de Salvador que ocupa a Subchefia de Assuntos Federativos da Presid\u00eancia da Rep\u00fablica.<\/p>\n<p><a href=\"http:\/\/www.sudoestehoje.com.br\/novoportal\/wp-content\/uploads\/2017\/07\/paulo-camara.jpg\"><img loading=\"lazy\" decoding=\"async\" class=\"aligncenter size-medium wp-image-66496\" src=\"http:\/\/www.sudoestehoje.com.br\/novoportal\/wp-content\/uploads\/2017\/07\/paulo-camara-500x375.jpg\" alt=\"\" width=\"500\" height=\"375\" srcset=\"https:\/\/www.sudoestehoje.com.br\/novoportal\/wp-content\/uploads\/2017\/07\/paulo-camara-500x375.jpg 500w, https:\/\/www.sudoestehoje.com.br\/novoportal\/wp-content\/uploads\/2017\/07\/paulo-camara-768x576.jpg 768w, https:\/\/www.sudoestehoje.com.br\/novoportal\/wp-content\/uploads\/2017\/07\/paulo-camara-700x525.jpg 700w, https:\/\/www.sudoestehoje.com.br\/novoportal\/wp-content\/uploads\/2017\/07\/paulo-camara.jpg 960w\" sizes=\"auto, (max-width: 500px) 100vw, 500px\" \/><\/a>Imbassahy, que \u00e9 baiano e tem tido uma aten\u00e7\u00e3o especial por Itapetinga, ressaltou que n\u00e3o poupar\u00e1 esfor\u00e7os para atender aos pedidos do prefeito Rodrigo Hagge, por quem tem enorme admira\u00e7\u00e3o.<\/p>\n<p>Ainda no Pal\u00e1cio do Planalto, Rodrigo se encontrou com o deputado baiano Benito Gama, que se comprometeu em ajudar na reabertura do escrit\u00f3rio do Minist\u00e9rio do Trabalho em Itapetinga, fechado durante a gest\u00e3o passada.<\/p>\n<p><a href=\"http:\/\/www.sudoestehoje.com.br\/novoportal\/wp-content\/uploads\/2017\/07\/benito-gama.jpg\"><img loading=\"lazy\" decoding=\"async\" class=\"aligncenter size-medium wp-image-66498\" src=\"http:\/\/www.sudoestehoje.com.br\/novoportal\/wp-content\/uploads\/2017\/07\/benito-gama-500x375.jpg\" alt=\"\" width=\"500\" height=\"375\" srcset=\"https:\/\/www.sudoestehoje.com.br\/novoportal\/wp-content\/uploads\/2017\/07\/benito-gama-500x375.jpg 500w, https:\/\/www.sudoestehoje.com.br\/novoportal\/wp-content\/uploads\/2017\/07\/benito-gama-768x576.jpg 768w, https:\/\/www.sudoestehoje.com.br\/novoportal\/wp-content\/uploads\/2017\/07\/benito-gama-700x525.jpg 700w, https:\/\/www.sudoestehoje.com.br\/novoportal\/wp-content\/uploads\/2017\/07\/benito-gama.jpg 960w\" sizes=\"auto, (max-width: 500px) 100vw, 500px\" \/><\/a><\/p>\n<p>O deputado estadual Pedro Tavares \u00a0(PMDB) esteve ao lado do prefeito Rodrigo Hagge em todas as audi\u00eancias na capital federal.<\/p>\n<p><strong><em>Por Davi Ferraz<\/em><\/strong><\/p>\n","protected":false},"excerpt":{"rendered":"<p>Na in\u00edcio da noite desta quarta-feira (12), o prefeito de Itapetinga foi recebido no Pal\u00e1cio do Planalto, em Brasilia, pelo ministro chefe da Secretaria da Presid\u00eancia da Rep\u00fablica, Ant\u00f4nio Imbassahy, deputado baiano que ocupa o ministerio desde a sa\u00edda do ex-ministro Geddel Vieira Lima Dentre as diversas reivindica\u00e7\u00f5es, Rodrigo Hagge solicitou a libera\u00e7\u00e3o de verbas [&hellip;]<\/p>\n","protected":false},"author":2,"featured_media":66492,"comment_status":"open","ping_status":"open","sticky":false,"template":"","format":"standard","meta":{"footnotes":"","_links_to":"","_links_to_target":""},"categories":[1],"tags":[],"class_list":["post-66485","post","type-post","status-publish","format-standard","has-post-thumbnail","hentry","category-geral"],"views":2094,"_links":{"self":[{"href":"https:\/\/www.sudoestehoje.com.br\/novoportal\/wp-json\/wp\/v2\/posts\/66485","targetHints":{"allow":["GET"]}}],"collection":[{"href":"https:\/\/www.sudoestehoje.com.br\/novoportal\/wp-json\/wp\/v2\/posts"}],"about":[{"href":"https:\/\/www.sudoestehoje.com.br\/novoportal\/wp-json\/wp\/v2\/types\/post"}],"author":[{"embeddable":true,"href":"https:\/\/www.sudoestehoje.com.br\/novoportal\/wp-json\/wp\/v2\/users\/2"}],"replies":[{"embeddable":true,"href":"https:\/\/www.sudoestehoje.com.br\/novoportal\/wp-json\/wp\/v2\/comments?post=66485"}],"version-history":[{"count":6,"href":"https:\/\/www.sudoestehoje.com.br\/novoportal\/wp-json\/wp\/v2\/posts\/66485\/revisions"}],"predecessor-version":[{"id":66499,"href":"https:\/\/www.sudoestehoje.com.br\/novoportal\/wp-json\/wp\/v2\/posts\/66485\/revisions\/66499"}],"wp:featuredmedia":[{"embeddable":true,"href":"https:\/\/www.sudoestehoje.com.br\/novoportal\/wp-json\/wp\/v2\/media\/66492"}],"wp:attachment":[{"href":"https:\/\/www.sudoestehoje.com.br\/novoportal\/wp-json\/wp\/v2\/media?parent=66485"}],"wp:term":[{"taxonomy":"category","embeddable":true,"href":"https:\/\/www.sudoestehoje.com.br\/novoportal\/wp-json\/wp\/v2\/categories?post=66485"},{"taxonomy":"post_tag","embeddable":true,"href":"https:\/\/www.sudoestehoje.com.br\/novoportal\/wp-json\/wp\/v2\/tags?post=66485"}],"curies":[{"name":"wp","href":"https:\/\/api.w.org\/{rel}","templated":true}]}}