
{"id":66480,"date":"2017-07-12T17:12:17","date_gmt":"2017-07-12T20:12:17","guid":{"rendered":"http:\/\/www.sudoestehoje.com.br\/novoportal\/?p=66480"},"modified":"2017-07-12T17:33:58","modified_gmt":"2017-07-12T20:33:58","slug":"urgente-ex-ministro-geddel-vai-para-prisao-demiciliar-decide-trf-1","status":"publish","type":"post","link":"https:\/\/www.sudoestehoje.com.br\/novoportal\/2017\/07\/12\/urgente-ex-ministro-geddel-vai-para-prisao-demiciliar-decide-trf-1\/","title":{"rendered":"URGENTE: EX-MINISTRO GEDDEL VAI PARA PRIS\u00c3O DOMICILIAR, DECIDE TRF-1"},"content":{"rendered":"<p><a href=\"http:\/\/www.sudoestehoje.com.br\/novoportal\/wp-content\/uploads\/2017\/07\/GEDDEL.jpeg\"><img loading=\"lazy\" decoding=\"async\" class=\"aligncenter size-medium wp-image-66481\" src=\"http:\/\/www.sudoestehoje.com.br\/novoportal\/wp-content\/uploads\/2017\/07\/GEDDEL-500x315.jpeg\" alt=\"\" width=\"500\" height=\"315\" srcset=\"https:\/\/www.sudoestehoje.com.br\/novoportal\/wp-content\/uploads\/2017\/07\/GEDDEL-500x315.jpeg 500w, https:\/\/www.sudoestehoje.com.br\/novoportal\/wp-content\/uploads\/2017\/07\/GEDDEL.jpeg 635w\" sizes=\"auto, (max-width: 500px) 100vw, 500px\" \/><\/a><\/p>\n<p>O ex-ministro Geddel Vieira Lima foi colocado em pris\u00e3o domiciliar por ordem do desembargador Ney Bello, do Tribunal Regional Federal da 1\u00aa Regi\u00e3o.<\/p>\n<p>O peemedebista havia sido\u00a0preso\u00a0em 3 de julho\u00a0por ordem do juiz Vallisney Oliveira, da 10\u00aa Vara Federal, de Bras\u00edlia, sob acusa\u00e7\u00e3o de pressionar a mulher do doleiro Lucio Funaro \u2013 preso na Opera\u00e7\u00e3o S\u00e9psis, h\u00e1 um ano \u2013 a n\u00e3o fazer dela\u00e7\u00e3o premiada.<\/p>\n<p>Em depoimento prestado na \u00faltima sexta-feira (7) Raquel Pitta, mulher do corretor L\u00facio Bolonha Funaro, confirmou \u00e0 Pol\u00edcia Federal ter recebido liga\u00e7\u00f5es telef\u00f4nicas do ex-ministro Geddel Vieira Lima nas quais teria sido \u201cpressionada\u201d.<\/p>\n<p>A suposta press\u00e3o exercida por Geddel teria como objetivo evitar que o marido de Raquel fizesse um acordo de dela\u00e7\u00e3o premiada e foi o principal argumento usado pelo juiz Vallisney de Souza Oliveira para autorizar a pris\u00e3o do peemedebista.<\/p>\n","protected":false},"excerpt":{"rendered":"<p>O ex-ministro Geddel Vieira Lima foi colocado em pris\u00e3o domiciliar por ordem do desembargador Ney Bello, do Tribunal Regional Federal da 1\u00aa Regi\u00e3o. O peemedebista havia sido\u00a0preso\u00a0em 3 de julho\u00a0por ordem do juiz Vallisney Oliveira, da 10\u00aa Vara Federal, de Bras\u00edlia, sob acusa\u00e7\u00e3o de pressionar a mulher do doleiro Lucio Funaro \u2013 preso na Opera\u00e7\u00e3o [&hellip;]<\/p>\n","protected":false},"author":2,"featured_media":0,"comment_status":"open","ping_status":"open","sticky":false,"template":"","format":"standard","meta":{"footnotes":"","_links_to":"","_links_to_target":""},"categories":[1],"tags":[],"class_list":["post-66480","post","type-post","status-publish","format-standard","hentry","category-geral"],"views":1212,"_links":{"self":[{"href":"https:\/\/www.sudoestehoje.com.br\/novoportal\/wp-json\/wp\/v2\/posts\/66480","targetHints":{"allow":["GET"]}}],"collection":[{"href":"https:\/\/www.sudoestehoje.com.br\/novoportal\/wp-json\/wp\/v2\/posts"}],"about":[{"href":"https:\/\/www.sudoestehoje.com.br\/novoportal\/wp-json\/wp\/v2\/types\/post"}],"author":[{"embeddable":true,"href":"https:\/\/www.sudoestehoje.com.br\/novoportal\/wp-json\/wp\/v2\/users\/2"}],"replies":[{"embeddable":true,"href":"https:\/\/www.sudoestehoje.com.br\/novoportal\/wp-json\/wp\/v2\/comments?post=66480"}],"version-history":[{"count":3,"href":"https:\/\/www.sudoestehoje.com.br\/novoportal\/wp-json\/wp\/v2\/posts\/66480\/revisions"}],"predecessor-version":[{"id":66484,"href":"https:\/\/www.sudoestehoje.com.br\/novoportal\/wp-json\/wp\/v2\/posts\/66480\/revisions\/66484"}],"wp:attachment":[{"href":"https:\/\/www.sudoestehoje.com.br\/novoportal\/wp-json\/wp\/v2\/media?parent=66480"}],"wp:term":[{"taxonomy":"category","embeddable":true,"href":"https:\/\/www.sudoestehoje.com.br\/novoportal\/wp-json\/wp\/v2\/categories?post=66480"},{"taxonomy":"post_tag","embeddable":true,"href":"https:\/\/www.sudoestehoje.com.br\/novoportal\/wp-json\/wp\/v2\/tags?post=66480"}],"curies":[{"name":"wp","href":"https:\/\/api.w.org\/{rel}","templated":true}]}}