
{"id":66471,"date":"2017-07-12T16:50:37","date_gmt":"2017-07-12T19:50:37","guid":{"rendered":"http:\/\/www.sudoestehoje.com.br\/novoportal\/?p=66471"},"modified":"2017-07-12T16:56:08","modified_gmt":"2017-07-12T19:56:08","slug":"rodrigo-hagge-se-reune-com-ministro-do-desenvolvimento-social-em-brasilia","status":"publish","type":"post","link":"https:\/\/www.sudoestehoje.com.br\/novoportal\/2017\/07\/12\/rodrigo-hagge-se-reune-com-ministro-do-desenvolvimento-social-em-brasilia\/","title":{"rendered":"RODRIGO HAGGE SE RE\u00daNE COM MINISTRO DO DESENVOLVIMENTO SOCIAL EM BRASILIA"},"content":{"rendered":"<p><a href=\"http:\/\/www.sudoestehoje.com.br\/novoportal\/wp-content\/uploads\/2017\/07\/RODRIGO-EM-BRASILIA.jpg\"><img loading=\"lazy\" decoding=\"async\" class=\"aligncenter wp-image-66474\" src=\"http:\/\/www.sudoestehoje.com.br\/novoportal\/wp-content\/uploads\/2017\/07\/RODRIGO-EM-BRASILIA.jpg\" alt=\"\" width=\"501\" height=\"378\" \/><\/a><\/p>\n<p>Na tarde desta quarta-feira (12), o prefeito de Itapetinga, Rodrigo Hagge (PMDB), se reuniu com o Ministro do Desenvolvimento Social, Osmar Terra, para tratar de novos investimentos na \u00e1rea social para o munic\u00edpio.<\/p>\n<p>Em contato com o Sudoeste Hoje, Rodrigo relatou que foi muito bem recebido pelo ministro, que tamb\u00e9m garantiu atender \u00e0s suas reivindica\u00e7\u00f5es.<\/p>\n<p><a href=\"http:\/\/www.sudoestehoje.com.br\/novoportal\/wp-content\/uploads\/2017\/07\/RODRIGO-2.jpg\"><img loading=\"lazy\" decoding=\"async\" class=\"aligncenter wp-image-66477\" src=\"http:\/\/www.sudoestehoje.com.br\/novoportal\/wp-content\/uploads\/2017\/07\/RODRIGO-2-500x375.jpg\" alt=\"\" width=\"501\" height=\"376\" srcset=\"https:\/\/www.sudoestehoje.com.br\/novoportal\/wp-content\/uploads\/2017\/07\/RODRIGO-2-500x375.jpg 500w, https:\/\/www.sudoestehoje.com.br\/novoportal\/wp-content\/uploads\/2017\/07\/RODRIGO-2.jpg 541w\" sizes=\"auto, (max-width: 501px) 100vw, 501px\" \/><\/a><\/p>\n<p>Rodrigo tem ainda uma extensa pauta de encontros com outras autoridades federais, na sua busca incessante por melhorias para o munic\u00edpio de Itapetinga, que governa h\u00e1 pouco mais de seis meses.<\/p>\n<p><em><strong>Por Davi Ferraz<\/strong><\/em><\/p>\n","protected":false},"excerpt":{"rendered":"<p>Na tarde desta quarta-feira (12), o prefeito de Itapetinga, Rodrigo Hagge (PMDB), se reuniu com o Ministro do Desenvolvimento Social, Osmar Terra, para tratar de novos investimentos na \u00e1rea social para o munic\u00edpio. Em contato com o Sudoeste Hoje, Rodrigo relatou que foi muito bem recebido pelo ministro, que tamb\u00e9m garantiu atender \u00e0s suas reivindica\u00e7\u00f5es. [&hellip;]<\/p>\n","protected":false},"author":2,"featured_media":66474,"comment_status":"open","ping_status":"open","sticky":false,"template":"","format":"standard","meta":{"footnotes":"","_links_to":"","_links_to_target":""},"categories":[1],"tags":[],"class_list":["post-66471","post","type-post","status-publish","format-standard","has-post-thumbnail","hentry","category-geral"],"views":1415,"_links":{"self":[{"href":"https:\/\/www.sudoestehoje.com.br\/novoportal\/wp-json\/wp\/v2\/posts\/66471","targetHints":{"allow":["GET"]}}],"collection":[{"href":"https:\/\/www.sudoestehoje.com.br\/novoportal\/wp-json\/wp\/v2\/posts"}],"about":[{"href":"https:\/\/www.sudoestehoje.com.br\/novoportal\/wp-json\/wp\/v2\/types\/post"}],"author":[{"embeddable":true,"href":"https:\/\/www.sudoestehoje.com.br\/novoportal\/wp-json\/wp\/v2\/users\/2"}],"replies":[{"embeddable":true,"href":"https:\/\/www.sudoestehoje.com.br\/novoportal\/wp-json\/wp\/v2\/comments?post=66471"}],"version-history":[{"count":6,"href":"https:\/\/www.sudoestehoje.com.br\/novoportal\/wp-json\/wp\/v2\/posts\/66471\/revisions"}],"predecessor-version":[{"id":66479,"href":"https:\/\/www.sudoestehoje.com.br\/novoportal\/wp-json\/wp\/v2\/posts\/66471\/revisions\/66479"}],"wp:featuredmedia":[{"embeddable":true,"href":"https:\/\/www.sudoestehoje.com.br\/novoportal\/wp-json\/wp\/v2\/media\/66474"}],"wp:attachment":[{"href":"https:\/\/www.sudoestehoje.com.br\/novoportal\/wp-json\/wp\/v2\/media?parent=66471"}],"wp:term":[{"taxonomy":"category","embeddable":true,"href":"https:\/\/www.sudoestehoje.com.br\/novoportal\/wp-json\/wp\/v2\/categories?post=66471"},{"taxonomy":"post_tag","embeddable":true,"href":"https:\/\/www.sudoestehoje.com.br\/novoportal\/wp-json\/wp\/v2\/tags?post=66471"}],"curies":[{"name":"wp","href":"https:\/\/api.w.org\/{rel}","templated":true}]}}