
{"id":66460,"date":"2017-07-12T11:55:44","date_gmt":"2017-07-12T14:55:44","guid":{"rendered":"http:\/\/www.sudoestehoje.com.br\/novoportal\/?p=66460"},"modified":"2017-07-12T12:17:35","modified_gmt":"2017-07-12T15:17:35","slug":"rui-bateu-continencia-pro-anao","status":"publish","type":"post","link":"https:\/\/www.sudoestehoje.com.br\/novoportal\/2017\/07\/12\/rui-bateu-continencia-pro-anao\/","title":{"rendered":"RUI BATEU CONTIN\u00caNCIA PRO AN\u00c3O"},"content":{"rendered":"<p><a href=\"http:\/\/www.sudoestehoje.com.br\/novoportal\/wp-content\/uploads\/2017\/07\/rui-e-neto.jpg\"><img loading=\"lazy\" decoding=\"async\" class=\"aligncenter wp-image-66461\" src=\"http:\/\/www.sudoestehoje.com.br\/novoportal\/wp-content\/uploads\/2017\/07\/rui-e-neto-500x375.jpg\" alt=\"\" width=\"230\" height=\"173\" srcset=\"https:\/\/www.sudoestehoje.com.br\/novoportal\/wp-content\/uploads\/2017\/07\/rui-e-neto-500x375.jpg 500w, https:\/\/www.sudoestehoje.com.br\/novoportal\/wp-content\/uploads\/2017\/07\/rui-e-neto.jpg 620w\" sizes=\"auto, (max-width: 230px) 100vw, 230px\" \/><\/a><\/p>\n<p>Durante sua visita a Canavieiras, onde chegou de m\u00e3os vazias e &#8216;inaugurou&#8217; a pintura de um quartel da Pol\u00edcia Rodovi\u00e1ria, o governador Rui Costa resolveu bater contin\u00eancia para um vereador da cidade, que \u00e9 an\u00e3o.\u00a0Na plat\u00e9ia, n\u00e3o faltou quem ironizasse o epis\u00f3dio, dizendo que ele deveria bater contin\u00eancia mesmo era para outro &#8216;baixinho&#8217;, o prefeito de Salvador ACM Neto, seu concorrente na disputa ao governo em 2018. Quando Rui vier a Itapetinga, ser\u00e1 que vai repetir o gesto quando encontrar o prefeito Rodrigo Hagge?<\/p>\n","protected":false},"excerpt":{"rendered":"<p>Durante sua visita a Canavieiras, onde chegou de m\u00e3os vazias e &#8216;inaugurou&#8217; a pintura de um quartel da Pol\u00edcia Rodovi\u00e1ria, o governador Rui Costa resolveu bater contin\u00eancia para um vereador da cidade, que \u00e9 an\u00e3o.\u00a0Na plat\u00e9ia, n\u00e3o faltou quem ironizasse o epis\u00f3dio, dizendo que ele deveria bater contin\u00eancia mesmo era para outro &#8216;baixinho&#8217;, o prefeito [&hellip;]<\/p>\n","protected":false},"author":2,"featured_media":66461,"comment_status":"open","ping_status":"open","sticky":false,"template":"","format":"standard","meta":{"footnotes":"","_links_to":"","_links_to_target":""},"categories":[11],"tags":[],"class_list":["post-66460","post","type-post","status-publish","format-standard","has-post-thumbnail","hentry","category-quentinhas"],"views":2081,"_links":{"self":[{"href":"https:\/\/www.sudoestehoje.com.br\/novoportal\/wp-json\/wp\/v2\/posts\/66460","targetHints":{"allow":["GET"]}}],"collection":[{"href":"https:\/\/www.sudoestehoje.com.br\/novoportal\/wp-json\/wp\/v2\/posts"}],"about":[{"href":"https:\/\/www.sudoestehoje.com.br\/novoportal\/wp-json\/wp\/v2\/types\/post"}],"author":[{"embeddable":true,"href":"https:\/\/www.sudoestehoje.com.br\/novoportal\/wp-json\/wp\/v2\/users\/2"}],"replies":[{"embeddable":true,"href":"https:\/\/www.sudoestehoje.com.br\/novoportal\/wp-json\/wp\/v2\/comments?post=66460"}],"version-history":[{"count":3,"href":"https:\/\/www.sudoestehoje.com.br\/novoportal\/wp-json\/wp\/v2\/posts\/66460\/revisions"}],"predecessor-version":[{"id":66464,"href":"https:\/\/www.sudoestehoje.com.br\/novoportal\/wp-json\/wp\/v2\/posts\/66460\/revisions\/66464"}],"wp:featuredmedia":[{"embeddable":true,"href":"https:\/\/www.sudoestehoje.com.br\/novoportal\/wp-json\/wp\/v2\/media\/66461"}],"wp:attachment":[{"href":"https:\/\/www.sudoestehoje.com.br\/novoportal\/wp-json\/wp\/v2\/media?parent=66460"}],"wp:term":[{"taxonomy":"category","embeddable":true,"href":"https:\/\/www.sudoestehoje.com.br\/novoportal\/wp-json\/wp\/v2\/categories?post=66460"},{"taxonomy":"post_tag","embeddable":true,"href":"https:\/\/www.sudoestehoje.com.br\/novoportal\/wp-json\/wp\/v2\/tags?post=66460"}],"curies":[{"name":"wp","href":"https:\/\/api.w.org\/{rel}","templated":true}]}}