
{"id":66453,"date":"2017-07-12T00:02:39","date_gmt":"2017-07-12T03:02:39","guid":{"rendered":"http:\/\/www.sudoestehoje.com.br\/novoportal\/?p=66453"},"modified":"2017-07-12T11:18:34","modified_gmt":"2017-07-12T14:18:34","slug":"dado-como-acabado-dem-pode-chegar-a-presidencia-do-brasil-com-queda-de-temer","status":"publish","type":"post","link":"https:\/\/www.sudoestehoje.com.br\/novoportal\/2017\/07\/12\/dado-como-acabado-dem-pode-chegar-a-presidencia-do-brasil-com-queda-de-temer\/","title":{"rendered":"DADO COMO &#8220;ACABADO&#8221;, DEM PODE CHEGAR \u00c0 PRESID\u00caNCIA DO BRASIL COM QUEDA DE TEMER"},"content":{"rendered":"<p><a href=\"http:\/\/www.sudoestehoje.com.br\/novoportal\/wp-content\/uploads\/2017\/07\/maia-reeleito_719429a1.jpg\"><img loading=\"lazy\" decoding=\"async\" class=\"aligncenter size-medium wp-image-66455\" src=\"http:\/\/www.sudoestehoje.com.br\/novoportal\/wp-content\/uploads\/2017\/07\/maia-reeleito_719429a1-500x318.jpg\" alt=\"\" width=\"500\" height=\"318\" srcset=\"https:\/\/www.sudoestehoje.com.br\/novoportal\/wp-content\/uploads\/2017\/07\/maia-reeleito_719429a1-500x318.jpg 500w, https:\/\/www.sudoestehoje.com.br\/novoportal\/wp-content\/uploads\/2017\/07\/maia-reeleito_719429a1.jpg 550w\" sizes=\"auto, (max-width: 500px) 100vw, 500px\" \/><\/a><\/p>\n<p>Se algu\u00e9m levantasse a hip\u00f3tese, h\u00e1 alguns anos atr\u00e1s, que o DEM chegaria ao maior cargo pol\u00edtico do pa\u00eds, a Presid\u00eancia da Rep\u00fablica, seria tachado de maluco e desinformado, vez que o velho partido (ex- Arena, PDS e PFL), estava mesmo com os dias contados.<\/p>\n<p>Mas a roda do poder resolveu girar de forma totalmente inesperada, colocando no topo do poder figuras sem maior express\u00e3o pol\u00edtica, como o atual presidente da C\u00e2mara Federal, Rodrigo Maia (DEM RJ). Assim, o que era considerado absurdo, est\u00e1 prestes a acontecer: um presidente da rep\u00fablica do &#8220;acabado&#8221; Democrata.<\/p>\n<p>A ascens\u00e3o de Rodrigo Maia se deu a partir do afastamento e da pris\u00e3o de Eduardo Cunha (PMDB), ex-presidente da C\u00e2mara. Maia, acabou se elegendo presidente da C\u00e2mara Federal, no lugar de outro deputado apagado, Waldir Maranh\u00e3o.<\/p>\n<p>Com o impeachment de Dilma e a ascens\u00e3o de Temer, o democrata se transformou no segundo da linha sucess\u00f3ria, podendo assumir o &#8216;trono presidencial&#8217;, caso Temer venha a cair, o que \u00e9 altamente prov\u00e1vel.<\/p>\n<p>Uma virada pol\u00edtica fenomenal, que nem o velho ACM, com toda a sua viv\u00eancia e sagacidade pol\u00edtica, acreditaria.<\/p>\n<p><strong><em>Por Davi Ferraz<\/em><\/strong><\/p>\n","protected":false},"excerpt":{"rendered":"<p>Se algu\u00e9m levantasse a hip\u00f3tese, h\u00e1 alguns anos atr\u00e1s, que o DEM chegaria ao maior cargo pol\u00edtico do pa\u00eds, a Presid\u00eancia da Rep\u00fablica, seria tachado de maluco e desinformado, vez que o velho partido (ex- Arena, PDS e PFL), estava mesmo com os dias contados. Mas a roda do poder resolveu girar de forma totalmente [&hellip;]<\/p>\n","protected":false},"author":2,"featured_media":66455,"comment_status":"open","ping_status":"open","sticky":false,"template":"","format":"standard","meta":{"footnotes":"","_links_to":"","_links_to_target":""},"categories":[1],"tags":[],"class_list":["post-66453","post","type-post","status-publish","format-standard","has-post-thumbnail","hentry","category-geral"],"views":1313,"_links":{"self":[{"href":"https:\/\/www.sudoestehoje.com.br\/novoportal\/wp-json\/wp\/v2\/posts\/66453","targetHints":{"allow":["GET"]}}],"collection":[{"href":"https:\/\/www.sudoestehoje.com.br\/novoportal\/wp-json\/wp\/v2\/posts"}],"about":[{"href":"https:\/\/www.sudoestehoje.com.br\/novoportal\/wp-json\/wp\/v2\/types\/post"}],"author":[{"embeddable":true,"href":"https:\/\/www.sudoestehoje.com.br\/novoportal\/wp-json\/wp\/v2\/users\/2"}],"replies":[{"embeddable":true,"href":"https:\/\/www.sudoestehoje.com.br\/novoportal\/wp-json\/wp\/v2\/comments?post=66453"}],"version-history":[{"count":5,"href":"https:\/\/www.sudoestehoje.com.br\/novoportal\/wp-json\/wp\/v2\/posts\/66453\/revisions"}],"predecessor-version":[{"id":66459,"href":"https:\/\/www.sudoestehoje.com.br\/novoportal\/wp-json\/wp\/v2\/posts\/66453\/revisions\/66459"}],"wp:featuredmedia":[{"embeddable":true,"href":"https:\/\/www.sudoestehoje.com.br\/novoportal\/wp-json\/wp\/v2\/media\/66455"}],"wp:attachment":[{"href":"https:\/\/www.sudoestehoje.com.br\/novoportal\/wp-json\/wp\/v2\/media?parent=66453"}],"wp:term":[{"taxonomy":"category","embeddable":true,"href":"https:\/\/www.sudoestehoje.com.br\/novoportal\/wp-json\/wp\/v2\/categories?post=66453"},{"taxonomy":"post_tag","embeddable":true,"href":"https:\/\/www.sudoestehoje.com.br\/novoportal\/wp-json\/wp\/v2\/tags?post=66453"}],"curies":[{"name":"wp","href":"https:\/\/api.w.org\/{rel}","templated":true}]}}