
{"id":66450,"date":"2017-07-11T22:21:26","date_gmt":"2017-07-12T01:21:26","guid":{"rendered":"http:\/\/www.sudoestehoje.com.br\/novoportal\/?p=66450"},"modified":"2017-07-11T22:21:26","modified_gmt":"2017-07-12T01:21:26","slug":"senado-aprova-reforma-trabalhista","status":"publish","type":"post","link":"https:\/\/www.sudoestehoje.com.br\/novoportal\/2017\/07\/11\/senado-aprova-reforma-trabalhista\/","title":{"rendered":"SENADO APROVA REFORMA TRABALHISTA"},"content":{"rendered":"<p><a href=\"http:\/\/www.sudoestehoje.com.br\/novoportal\/wp-content\/uploads\/2017\/07\/plenario-do-senado.jpg\"><img loading=\"lazy\" decoding=\"async\" class=\"aligncenter size-medium wp-image-66451\" src=\"http:\/\/www.sudoestehoje.com.br\/novoportal\/wp-content\/uploads\/2017\/07\/plenario-do-senado-500x329.jpg\" alt=\"\" width=\"500\" height=\"329\" srcset=\"https:\/\/www.sudoestehoje.com.br\/novoportal\/wp-content\/uploads\/2017\/07\/plenario-do-senado-500x329.jpg 500w, https:\/\/www.sudoestehoje.com.br\/novoportal\/wp-content\/uploads\/2017\/07\/plenario-do-senado-768x505.jpg 768w, https:\/\/www.sudoestehoje.com.br\/novoportal\/wp-content\/uploads\/2017\/07\/plenario-do-senado-700x461.jpg 700w, https:\/\/www.sudoestehoje.com.br\/novoportal\/wp-content\/uploads\/2017\/07\/plenario-do-senado.jpg 1158w\" sizes=\"auto, (max-width: 500px) 100vw, 500px\" \/><\/a><\/p>\n<p>O Senado aprovou o texto-base da reforma trabalhista nesta ter\u00e7a-feira (11) depois de horas de confus\u00e3o no plen\u00e1rio e suspens\u00e3o da sess\u00e3o.<\/p>\n<p>Foram 50 votos a favor e contra 26 da proposta do governo que altera a CLT (Consolida\u00e7\u00e3o das Leis Trabalhistas) em\u00a0<a href=\"http:\/\/www1.folha.uol.com.br\/mercado\/2017\/07\/1900401-apos-muita-confusao-senado-aprova-reforma-trabalhista-de-temer.shtml\">mais de cem pontos<\/a>.<\/p>\n<div class=\"video-top\">\u00a0A aprova\u00e7\u00e3o se deu em rela\u00e7\u00e3o ao texto-base. Ainda haver\u00e1 vota\u00e7\u00e3o nesta ter\u00e7a dos chamados &#8220;destaques&#8221;, que s\u00e3o tentativas de altera\u00e7\u00e3o da proposta. Caso eles sejam derrubados, a reforma ser\u00e1 encaminhada para a san\u00e7\u00e3o presidencial.<\/div>\n<div class=\"video-top\"><\/div>\n","protected":false},"excerpt":{"rendered":"<p>O Senado aprovou o texto-base da reforma trabalhista nesta ter\u00e7a-feira (11) depois de horas de confus\u00e3o no plen\u00e1rio e suspens\u00e3o da sess\u00e3o. Foram 50 votos a favor e contra 26 da proposta do governo que altera a CLT (Consolida\u00e7\u00e3o das Leis Trabalhistas) em\u00a0mais de cem pontos. \u00a0A aprova\u00e7\u00e3o se deu em rela\u00e7\u00e3o ao texto-base. Ainda [&hellip;]<\/p>\n","protected":false},"author":2,"featured_media":66451,"comment_status":"open","ping_status":"open","sticky":false,"template":"","format":"standard","meta":{"footnotes":"","_links_to":"","_links_to_target":""},"categories":[1],"tags":[],"class_list":["post-66450","post","type-post","status-publish","format-standard","has-post-thumbnail","hentry","category-geral"],"views":1231,"_links":{"self":[{"href":"https:\/\/www.sudoestehoje.com.br\/novoportal\/wp-json\/wp\/v2\/posts\/66450","targetHints":{"allow":["GET"]}}],"collection":[{"href":"https:\/\/www.sudoestehoje.com.br\/novoportal\/wp-json\/wp\/v2\/posts"}],"about":[{"href":"https:\/\/www.sudoestehoje.com.br\/novoportal\/wp-json\/wp\/v2\/types\/post"}],"author":[{"embeddable":true,"href":"https:\/\/www.sudoestehoje.com.br\/novoportal\/wp-json\/wp\/v2\/users\/2"}],"replies":[{"embeddable":true,"href":"https:\/\/www.sudoestehoje.com.br\/novoportal\/wp-json\/wp\/v2\/comments?post=66450"}],"version-history":[{"count":1,"href":"https:\/\/www.sudoestehoje.com.br\/novoportal\/wp-json\/wp\/v2\/posts\/66450\/revisions"}],"predecessor-version":[{"id":66452,"href":"https:\/\/www.sudoestehoje.com.br\/novoportal\/wp-json\/wp\/v2\/posts\/66450\/revisions\/66452"}],"wp:featuredmedia":[{"embeddable":true,"href":"https:\/\/www.sudoestehoje.com.br\/novoportal\/wp-json\/wp\/v2\/media\/66451"}],"wp:attachment":[{"href":"https:\/\/www.sudoestehoje.com.br\/novoportal\/wp-json\/wp\/v2\/media?parent=66450"}],"wp:term":[{"taxonomy":"category","embeddable":true,"href":"https:\/\/www.sudoestehoje.com.br\/novoportal\/wp-json\/wp\/v2\/categories?post=66450"},{"taxonomy":"post_tag","embeddable":true,"href":"https:\/\/www.sudoestehoje.com.br\/novoportal\/wp-json\/wp\/v2\/tags?post=66450"}],"curies":[{"name":"wp","href":"https:\/\/api.w.org\/{rel}","templated":true}]}}