
{"id":66445,"date":"2017-07-11T21:07:19","date_gmt":"2017-07-12T00:07:19","guid":{"rendered":"http:\/\/www.sudoestehoje.com.br\/novoportal\/?p=66445"},"modified":"2017-07-11T21:15:45","modified_gmt":"2017-07-12T00:15:45","slug":"rui-costa-tenta-fazer-media-dizendo-que-mandou-embasa-liberar-agua-para-conquista","status":"publish","type":"post","link":"https:\/\/www.sudoestehoje.com.br\/novoportal\/2017\/07\/11\/rui-costa-tenta-fazer-media-dizendo-que-mandou-embasa-liberar-agua-para-conquista\/","title":{"rendered":"RUI COSTA TENTA FAZER M\u00c9DIA DIZENDO QUE MANDOU EMBASA LIBERAR \u00c1GUA PARA CONQUISTA"},"content":{"rendered":"<p><a href=\"http:\/\/www.sudoestehoje.com.br\/novoportal\/wp-content\/uploads\/2017\/07\/agua-conquista.jpg\"><img loading=\"lazy\" decoding=\"async\" class=\"aligncenter size-medium wp-image-66446\" src=\"http:\/\/www.sudoestehoje.com.br\/novoportal\/wp-content\/uploads\/2017\/07\/agua-conquista-500x302.jpg\" alt=\"\" width=\"500\" height=\"302\" srcset=\"https:\/\/www.sudoestehoje.com.br\/novoportal\/wp-content\/uploads\/2017\/07\/agua-conquista-500x302.jpg 500w, https:\/\/www.sudoestehoje.com.br\/novoportal\/wp-content\/uploads\/2017\/07\/agua-conquista.jpg 529w\" sizes=\"auto, (max-width: 500px) 100vw, 500px\" \/><\/a><\/p>\n<p>Depois de deixar a popula\u00e7\u00e3o de Vit\u00f3ria da Conquista de &#8216;bico seco&#8217; durante anos, \u00a0o governador Rui Costa (PT) resolveu se aproveitar da &#8216;ajuda&#8217; de S\u00e3o Pedro, que mandou chuvas para a regi\u00e3o, propagando na imprensa conquistense que <em>&#8220;mandou a Embasa liberar \u00e1gua&#8221;<\/em> para a cidade, suspendendo o eterno racionamento.<\/p>\n<p>Os governos petistas de Wagner e Rui Costa fracassaram magistralmente em Vit\u00f3ria da Conquista, permitindo o crescimento da oposi\u00e7\u00e3o e a retomada do poder municipal pelo PMDB, depois de 20 anos de governos petistas. Um dos fatores que mais pesaram nessa virada pol\u00edtica, foi justamente o descaso do governo na quest\u00e3o do abastecimento de \u00e1gua na cidade, de responsabilidade da estatal Embasa.<\/p>\n<p>Liberar \u00e1gua com as barragens transbordando \u00e9 muito f\u00e1cil, dif\u00edcil mesmo \u00e9 resolver os problemas estruturais de abastecimento da terceira maior cidade do Estado, em \u00e9poca de seca.<\/p>\n<p>Em vez de construir barragens, o governo da Bahia optou em fazer conv\u00eanio com S\u00e3o Pedro.<\/p>\n<p><strong><em>Por Davi Ferraz \u00a0<\/em><\/strong><\/p>\n","protected":false},"excerpt":{"rendered":"<p>Depois de deixar a popula\u00e7\u00e3o de Vit\u00f3ria da Conquista de &#8216;bico seco&#8217; durante anos, \u00a0o governador Rui Costa (PT) resolveu se aproveitar da &#8216;ajuda&#8217; de S\u00e3o Pedro, que mandou chuvas para a regi\u00e3o, propagando na imprensa conquistense que &#8220;mandou a Embasa liberar \u00e1gua&#8221; para a cidade, suspendendo o eterno racionamento. Os governos petistas de Wagner [&hellip;]<\/p>\n","protected":false},"author":2,"featured_media":66446,"comment_status":"open","ping_status":"open","sticky":false,"template":"","format":"standard","meta":{"footnotes":"","_links_to":"","_links_to_target":""},"categories":[1],"tags":[],"class_list":["post-66445","post","type-post","status-publish","format-standard","has-post-thumbnail","hentry","category-geral"],"views":3874,"_links":{"self":[{"href":"https:\/\/www.sudoestehoje.com.br\/novoportal\/wp-json\/wp\/v2\/posts\/66445","targetHints":{"allow":["GET"]}}],"collection":[{"href":"https:\/\/www.sudoestehoje.com.br\/novoportal\/wp-json\/wp\/v2\/posts"}],"about":[{"href":"https:\/\/www.sudoestehoje.com.br\/novoportal\/wp-json\/wp\/v2\/types\/post"}],"author":[{"embeddable":true,"href":"https:\/\/www.sudoestehoje.com.br\/novoportal\/wp-json\/wp\/v2\/users\/2"}],"replies":[{"embeddable":true,"href":"https:\/\/www.sudoestehoje.com.br\/novoportal\/wp-json\/wp\/v2\/comments?post=66445"}],"version-history":[{"count":3,"href":"https:\/\/www.sudoestehoje.com.br\/novoportal\/wp-json\/wp\/v2\/posts\/66445\/revisions"}],"predecessor-version":[{"id":66448,"href":"https:\/\/www.sudoestehoje.com.br\/novoportal\/wp-json\/wp\/v2\/posts\/66445\/revisions\/66448"}],"wp:featuredmedia":[{"embeddable":true,"href":"https:\/\/www.sudoestehoje.com.br\/novoportal\/wp-json\/wp\/v2\/media\/66446"}],"wp:attachment":[{"href":"https:\/\/www.sudoestehoje.com.br\/novoportal\/wp-json\/wp\/v2\/media?parent=66445"}],"wp:term":[{"taxonomy":"category","embeddable":true,"href":"https:\/\/www.sudoestehoje.com.br\/novoportal\/wp-json\/wp\/v2\/categories?post=66445"},{"taxonomy":"post_tag","embeddable":true,"href":"https:\/\/www.sudoestehoje.com.br\/novoportal\/wp-json\/wp\/v2\/tags?post=66445"}],"curies":[{"name":"wp","href":"https:\/\/api.w.org\/{rel}","templated":true}]}}