
{"id":66429,"date":"2017-07-11T13:35:34","date_gmt":"2017-07-11T16:35:34","guid":{"rendered":"http:\/\/www.sudoestehoje.com.br\/novoportal\/?p=66429"},"modified":"2017-07-11T13:35:34","modified_gmt":"2017-07-11T16:35:34","slug":"conquista-carreta-com-440-mil-macos-de-cigarro-e-apreendida-pela-prf","status":"publish","type":"post","link":"https:\/\/www.sudoestehoje.com.br\/novoportal\/2017\/07\/11\/conquista-carreta-com-440-mil-macos-de-cigarro-e-apreendida-pela-prf\/","title":{"rendered":"CONQUISTA: CARRETA COM 440 MIL MA\u00c7OS DE CIGARRO \u00c9 APREENDIDA PELA PRF"},"content":{"rendered":"<div class=\"mc-column content-text active-extra-styles active-capital-letter\" data-block-type=\"unstyled\" data-block-weight=\"31\">\n<p class=\"content-text__container theme-color-primary-first-letter\" data-track-category=\"Link no Texto\" data-track-links=\"\"><a href=\"http:\/\/www.sudoestehoje.com.br\/novoportal\/wp-content\/uploads\/2017\/07\/cigarros_4.jpg\"><img loading=\"lazy\" decoding=\"async\" class=\"aligncenter size-medium wp-image-66430\" src=\"http:\/\/www.sudoestehoje.com.br\/novoportal\/wp-content\/uploads\/2017\/07\/cigarros_4-500x263.jpg\" alt=\"\" width=\"500\" height=\"263\" srcset=\"https:\/\/www.sudoestehoje.com.br\/novoportal\/wp-content\/uploads\/2017\/07\/cigarros_4-500x263.jpg 500w, https:\/\/www.sudoestehoje.com.br\/novoportal\/wp-content\/uploads\/2017\/07\/cigarros_4-768x403.jpg 768w, https:\/\/www.sudoestehoje.com.br\/novoportal\/wp-content\/uploads\/2017\/07\/cigarros_4-700x368.jpg 700w, https:\/\/www.sudoestehoje.com.br\/novoportal\/wp-content\/uploads\/2017\/07\/cigarros_4.jpg 1200w\" sizes=\"auto, (max-width: 500px) 100vw, 500px\" \/><\/a><\/p>\n<p class=\"content-text__container theme-color-primary-first-letter\" data-track-category=\"Link no Texto\" data-track-links=\"\">Uma carreta com 440 mil ma\u00e7os de cigarro foi apreendida em Vit\u00f3ria da Conquista, no sudoeste da Bahia, ap\u00f3s o motorista do ve\u00edculo n\u00e3o parar no posto fiscal da Receita Federal.<\/p>\n<\/div>\n<div class=\"mc-column content-text active-extra-styles \" data-block-type=\"unstyled\" data-block-weight=\"29\">\n<p class=\"content-text__container \" data-track-category=\"Link no Texto\" data-track-links=\"\">De acordo com a Pol\u00edcia Rodovi\u00e1ria Federal (PRF), agentes foram acionados e conseguiram para o ve\u00edculo quando ele passava por Vit\u00f3ria da Conquista. A apreens\u00e3o ocorre na segunda-feira (10).<\/p>\n<\/div>\n<div class=\"mc-column content-text active-extra-styles \" data-block-type=\"unstyled\" data-block-weight=\"20\">\n<p class=\"content-text__container \" data-track-category=\"Link no Texto\" data-track-links=\"\">Ainda segundo a PRF, o motorista da carreta conseguiu fugir. A carga de cigarros est\u00e1 \u00e0 disposi\u00e7\u00e3o da Receita Federal.<\/p>\n<\/div>\n","protected":false},"excerpt":{"rendered":"<p>Uma carreta com 440 mil ma\u00e7os de cigarro foi apreendida em Vit\u00f3ria da Conquista, no sudoeste da Bahia, ap\u00f3s o motorista do ve\u00edculo n\u00e3o parar no posto fiscal da Receita Federal. De acordo com a Pol\u00edcia Rodovi\u00e1ria Federal (PRF), agentes foram acionados e conseguiram para o ve\u00edculo quando ele passava por Vit\u00f3ria da Conquista. A [&hellip;]<\/p>\n","protected":false},"author":2,"featured_media":66430,"comment_status":"open","ping_status":"open","sticky":false,"template":"","format":"standard","meta":{"footnotes":"","_links_to":"","_links_to_target":""},"categories":[1],"tags":[],"class_list":["post-66429","post","type-post","status-publish","format-standard","has-post-thumbnail","hentry","category-geral"],"views":1404,"_links":{"self":[{"href":"https:\/\/www.sudoestehoje.com.br\/novoportal\/wp-json\/wp\/v2\/posts\/66429","targetHints":{"allow":["GET"]}}],"collection":[{"href":"https:\/\/www.sudoestehoje.com.br\/novoportal\/wp-json\/wp\/v2\/posts"}],"about":[{"href":"https:\/\/www.sudoestehoje.com.br\/novoportal\/wp-json\/wp\/v2\/types\/post"}],"author":[{"embeddable":true,"href":"https:\/\/www.sudoestehoje.com.br\/novoportal\/wp-json\/wp\/v2\/users\/2"}],"replies":[{"embeddable":true,"href":"https:\/\/www.sudoestehoje.com.br\/novoportal\/wp-json\/wp\/v2\/comments?post=66429"}],"version-history":[{"count":2,"href":"https:\/\/www.sudoestehoje.com.br\/novoportal\/wp-json\/wp\/v2\/posts\/66429\/revisions"}],"predecessor-version":[{"id":66432,"href":"https:\/\/www.sudoestehoje.com.br\/novoportal\/wp-json\/wp\/v2\/posts\/66429\/revisions\/66432"}],"wp:featuredmedia":[{"embeddable":true,"href":"https:\/\/www.sudoestehoje.com.br\/novoportal\/wp-json\/wp\/v2\/media\/66430"}],"wp:attachment":[{"href":"https:\/\/www.sudoestehoje.com.br\/novoportal\/wp-json\/wp\/v2\/media?parent=66429"}],"wp:term":[{"taxonomy":"category","embeddable":true,"href":"https:\/\/www.sudoestehoje.com.br\/novoportal\/wp-json\/wp\/v2\/categories?post=66429"},{"taxonomy":"post_tag","embeddable":true,"href":"https:\/\/www.sudoestehoje.com.br\/novoportal\/wp-json\/wp\/v2\/tags?post=66429"}],"curies":[{"name":"wp","href":"https:\/\/api.w.org\/{rel}","templated":true}]}}