
{"id":66424,"date":"2017-07-10T17:55:06","date_gmt":"2017-07-10T20:55:06","guid":{"rendered":"http:\/\/www.sudoestehoje.com.br\/novoportal\/?p=66424"},"modified":"2017-07-10T17:55:06","modified_gmt":"2017-07-10T20:55:06","slug":"relator-da-ccj-recomenda-prosseguimento-de-denuncia-contra-temer-na-camara","status":"publish","type":"post","link":"https:\/\/www.sudoestehoje.com.br\/novoportal\/2017\/07\/10\/relator-da-ccj-recomenda-prosseguimento-de-denuncia-contra-temer-na-camara\/","title":{"rendered":"RELATOR DA CCJ RECOMENDA PROSSEGUIMENTO DE DEN\u00daNCIA CONTRA TEMER NA C\u00c2MARA"},"content":{"rendered":"<div class=\"mc-column content-text active-extra-styles active-capital-letter\" data-block-type=\"unstyled\" data-block-weight=\"36\">\n<p class=\"content-text__container theme-color-primary-first-letter\" data-track-category=\"Link no Texto\" data-track-links=\"\"><a href=\"http:\/\/www.sudoestehoje.com.br\/novoportal\/wp-content\/uploads\/2017\/07\/CCJ.jpg\"><img loading=\"lazy\" decoding=\"async\" class=\"aligncenter size-medium wp-image-66426\" src=\"http:\/\/www.sudoestehoje.com.br\/novoportal\/wp-content\/uploads\/2017\/07\/CCJ-500x281.jpg\" alt=\"\" width=\"500\" height=\"281\" srcset=\"https:\/\/www.sudoestehoje.com.br\/novoportal\/wp-content\/uploads\/2017\/07\/CCJ-500x281.jpg 500w, https:\/\/www.sudoestehoje.com.br\/novoportal\/wp-content\/uploads\/2017\/07\/CCJ-768x432.jpg 768w, https:\/\/www.sudoestehoje.com.br\/novoportal\/wp-content\/uploads\/2017\/07\/CCJ-700x394.jpg 700w, https:\/\/www.sudoestehoje.com.br\/novoportal\/wp-content\/uploads\/2017\/07\/CCJ.jpg 1280w\" sizes=\"auto, (max-width: 500px) 100vw, 500px\" \/><\/a><\/p>\n<p class=\"content-text__container theme-color-primary-first-letter\" data-track-category=\"Link no Texto\" data-track-links=\"\">O deputado Sergio Zveiter (PMDB-RJ), relator na C\u00e2mara da den\u00fancia oferecida pela Procuradoria Geral da Rep\u00fablica contra o presidente Michel Temer, recomendou nesta segunda-feira (10) o prosseguimento do processo. A leitura do parecer durou uma hora.<\/p>\n<\/div>\n<div class=\"mc-column content-text active-extra-styles \" data-block-type=\"unstyled\" data-block-weight=\"37\">\n<p class=\"content-text__container \" data-track-category=\"Link no Texto\" data-track-links=\"\">Ap\u00f3s a leitura do voto de Zveiter, o advogado do presidente, Ant\u00f4nio Cl\u00e1udio Mariz de Oliveira, passou a apresentar a defesa de Temer \u00e0 comiss\u00e3o. Ele afirmou que \u00e9\u00a0&#8220;mentira&#8221; que o presidente tenha recebido &#8220;um vint\u00e9m&#8221;.<\/p>\n<\/div>\n<div class=\"mc-column content-text active-extra-styles \" data-block-type=\"unstyled\" data-block-weight=\"16\">\n<p class=\"content-text__container \" data-track-category=\"Link no Texto\" data-track-links=\"\">Procurado, o Pal\u00e1cio do Planalto informou que n\u00e3o iria se manifestar sobre o assunto. A expectativa \u00e9 que o relat\u00f3rio comece a ser discutido nesta quarta (12) para, ent\u00e3o, ser votado pelos integrantes da CCJ.<\/p>\n<\/div>\n<div class=\"mc-column content-text active-extra-styles \" data-block-type=\"unstyled\" data-block-weight=\"37\"><\/div>\n","protected":false},"excerpt":{"rendered":"<p>O deputado Sergio Zveiter (PMDB-RJ), relator na C\u00e2mara da den\u00fancia oferecida pela Procuradoria Geral da Rep\u00fablica contra o presidente Michel Temer, recomendou nesta segunda-feira (10) o prosseguimento do processo. A leitura do parecer durou uma hora. Ap\u00f3s a leitura do voto de Zveiter, o advogado do presidente, Ant\u00f4nio Cl\u00e1udio Mariz de Oliveira, passou a apresentar [&hellip;]<\/p>\n","protected":false},"author":2,"featured_media":66426,"comment_status":"open","ping_status":"open","sticky":false,"template":"","format":"standard","meta":{"footnotes":"","_links_to":"","_links_to_target":""},"categories":[1],"tags":[],"class_list":["post-66424","post","type-post","status-publish","format-standard","has-post-thumbnail","hentry","category-geral"],"views":1332,"_links":{"self":[{"href":"https:\/\/www.sudoestehoje.com.br\/novoportal\/wp-json\/wp\/v2\/posts\/66424","targetHints":{"allow":["GET"]}}],"collection":[{"href":"https:\/\/www.sudoestehoje.com.br\/novoportal\/wp-json\/wp\/v2\/posts"}],"about":[{"href":"https:\/\/www.sudoestehoje.com.br\/novoportal\/wp-json\/wp\/v2\/types\/post"}],"author":[{"embeddable":true,"href":"https:\/\/www.sudoestehoje.com.br\/novoportal\/wp-json\/wp\/v2\/users\/2"}],"replies":[{"embeddable":true,"href":"https:\/\/www.sudoestehoje.com.br\/novoportal\/wp-json\/wp\/v2\/comments?post=66424"}],"version-history":[{"count":2,"href":"https:\/\/www.sudoestehoje.com.br\/novoportal\/wp-json\/wp\/v2\/posts\/66424\/revisions"}],"predecessor-version":[{"id":66427,"href":"https:\/\/www.sudoestehoje.com.br\/novoportal\/wp-json\/wp\/v2\/posts\/66424\/revisions\/66427"}],"wp:featuredmedia":[{"embeddable":true,"href":"https:\/\/www.sudoestehoje.com.br\/novoportal\/wp-json\/wp\/v2\/media\/66426"}],"wp:attachment":[{"href":"https:\/\/www.sudoestehoje.com.br\/novoportal\/wp-json\/wp\/v2\/media?parent=66424"}],"wp:term":[{"taxonomy":"category","embeddable":true,"href":"https:\/\/www.sudoestehoje.com.br\/novoportal\/wp-json\/wp\/v2\/categories?post=66424"},{"taxonomy":"post_tag","embeddable":true,"href":"https:\/\/www.sudoestehoje.com.br\/novoportal\/wp-json\/wp\/v2\/tags?post=66424"}],"curies":[{"name":"wp","href":"https:\/\/api.w.org\/{rel}","templated":true}]}}