
{"id":66420,"date":"2017-07-10T12:52:42","date_gmt":"2017-07-10T15:52:42","guid":{"rendered":"http:\/\/www.sudoestehoje.com.br\/novoportal\/?p=66420"},"modified":"2017-07-10T12:52:42","modified_gmt":"2017-07-10T15:52:42","slug":"ambulancia-de-dom-basilio-e-flagrada-em-copacabana-no-rio-de-janeiro","status":"publish","type":"post","link":"https:\/\/www.sudoestehoje.com.br\/novoportal\/2017\/07\/10\/ambulancia-de-dom-basilio-e-flagrada-em-copacabana-no-rio-de-janeiro\/","title":{"rendered":"AMBUL\u00c2NCIA DE DOM BAS\u00cdLIO \u00c9 FLAGRADA EM COPACABANA, NO RIO DE JANEIRO"},"content":{"rendered":"<p><a href=\"http:\/\/www.sudoestehoje.com.br\/novoportal\/wp-content\/uploads\/2017\/07\/AMB-DOM-BASILIO.jpg\"><img loading=\"lazy\" decoding=\"async\" class=\"aligncenter  wp-image-66421\" src=\"http:\/\/www.sudoestehoje.com.br\/novoportal\/wp-content\/uploads\/2017\/07\/AMB-DOM-BASILIO.jpg\" alt=\"\" width=\"501\" height=\"369\" \/><\/a><\/p>\n<p>Uma ambul\u00e2ncia com a identifica\u00e7\u00e3o de Dom Bas\u00edlio, no Sert\u00e3o Produtivo, sudoeste baiano, foi flagrada neste domingo (9) bem distante da cidade de origem. O carro foi visto na frente de uma farm\u00e1cia em Copacabana, um dos bairros mais conhecidos\u00a0do Rio de Janeiro.<\/p>\n<p>O Bahia Not\u00edcias tentou o contato com a prefeitura de Dom Bas\u00edlio, mas n\u00e3o conseguiu falar com nenhuma autoridade para saber o motivo do deslocamento do carro.<\/p>\n","protected":false},"excerpt":{"rendered":"<p>Uma ambul\u00e2ncia com a identifica\u00e7\u00e3o de Dom Bas\u00edlio, no Sert\u00e3o Produtivo, sudoeste baiano, foi flagrada neste domingo (9) bem distante da cidade de origem. O carro foi visto na frente de uma farm\u00e1cia em Copacabana, um dos bairros mais conhecidos\u00a0do Rio de Janeiro. O Bahia Not\u00edcias tentou o contato com a prefeitura de Dom Bas\u00edlio, [&hellip;]<\/p>\n","protected":false},"author":2,"featured_media":66421,"comment_status":"open","ping_status":"open","sticky":false,"template":"","format":"standard","meta":{"footnotes":"","_links_to":"","_links_to_target":""},"categories":[1],"tags":[],"class_list":["post-66420","post","type-post","status-publish","format-standard","has-post-thumbnail","hentry","category-geral"],"views":1395,"_links":{"self":[{"href":"https:\/\/www.sudoestehoje.com.br\/novoportal\/wp-json\/wp\/v2\/posts\/66420","targetHints":{"allow":["GET"]}}],"collection":[{"href":"https:\/\/www.sudoestehoje.com.br\/novoportal\/wp-json\/wp\/v2\/posts"}],"about":[{"href":"https:\/\/www.sudoestehoje.com.br\/novoportal\/wp-json\/wp\/v2\/types\/post"}],"author":[{"embeddable":true,"href":"https:\/\/www.sudoestehoje.com.br\/novoportal\/wp-json\/wp\/v2\/users\/2"}],"replies":[{"embeddable":true,"href":"https:\/\/www.sudoestehoje.com.br\/novoportal\/wp-json\/wp\/v2\/comments?post=66420"}],"version-history":[{"count":2,"href":"https:\/\/www.sudoestehoje.com.br\/novoportal\/wp-json\/wp\/v2\/posts\/66420\/revisions"}],"predecessor-version":[{"id":66423,"href":"https:\/\/www.sudoestehoje.com.br\/novoportal\/wp-json\/wp\/v2\/posts\/66420\/revisions\/66423"}],"wp:featuredmedia":[{"embeddable":true,"href":"https:\/\/www.sudoestehoje.com.br\/novoportal\/wp-json\/wp\/v2\/media\/66421"}],"wp:attachment":[{"href":"https:\/\/www.sudoestehoje.com.br\/novoportal\/wp-json\/wp\/v2\/media?parent=66420"}],"wp:term":[{"taxonomy":"category","embeddable":true,"href":"https:\/\/www.sudoestehoje.com.br\/novoportal\/wp-json\/wp\/v2\/categories?post=66420"},{"taxonomy":"post_tag","embeddable":true,"href":"https:\/\/www.sudoestehoje.com.br\/novoportal\/wp-json\/wp\/v2\/tags?post=66420"}],"curies":[{"name":"wp","href":"https:\/\/api.w.org\/{rel}","templated":true}]}}