
{"id":66417,"date":"2017-07-10T11:20:15","date_gmt":"2017-07-10T14:20:15","guid":{"rendered":"http:\/\/www.sudoestehoje.com.br\/novoportal\/?p=66417"},"modified":"2017-07-10T11:20:15","modified_gmt":"2017-07-10T14:20:15","slug":"camara-entra-em-recesso-parlamentar","status":"publish","type":"post","link":"https:\/\/www.sudoestehoje.com.br\/novoportal\/2017\/07\/10\/camara-entra-em-recesso-parlamentar\/","title":{"rendered":"C\u00c2MARA ENTRA EM RECESSO PARLAMENTAR"},"content":{"rendered":"<p class=\"yiv5175761093MsoNormal\"><a href=\"http:\/\/www.sudoestehoje.com.br\/novoportal\/wp-content\/uploads\/2017\/07\/CAMARA.jpg\"><img loading=\"lazy\" decoding=\"async\" class=\"aligncenter  wp-image-66418\" src=\"http:\/\/www.sudoestehoje.com.br\/novoportal\/wp-content\/uploads\/2017\/07\/CAMARA.jpg\" alt=\"\" width=\"501\" height=\"295\" \/><\/a><\/p>\n<p id=\"yui_3_16_0_ym19_1_1499696153841_4250\" class=\"yiv5175761093MsoNormal\"><span id=\"yui_3_16_0_ym19_1_1499696153841_4251\">A C\u00e2mara Municipal de Itapetinga entrou em recesso parlamentar na \u00faltima quinta-feira (6), ap\u00f3s aprovar o Projeto de Lei de Diretrizes Or\u00e7ament\u00e1rias (LDO) relativo ao exerc\u00edcio financeiro de 2018.\u00a0As atividades ser\u00e3o retomadas a partir do dia 1\u00ba de agosto.<\/span><\/p>\n<p id=\"yui_3_16_0_ym19_1_1499696153841_4252\" class=\"yiv5175761093MsoNormal\"><span id=\"yui_3_16_0_ym19_1_1499696153841_4254\">Conforme o Regimento Interno da Casa Legislativa, a sess\u00e3o legislativa ordin\u00e1ria anual \u00e9 realizada de 15 de fevereiro a 30 de junho e de 1\u00ba de agosto a 15 de dezembro. Nos intervalos entre esses per\u00edodos acontecem os recessos parlamentares. \u00a0<\/span><\/p>\n","protected":false},"excerpt":{"rendered":"<p>A C\u00e2mara Municipal de Itapetinga entrou em recesso parlamentar na \u00faltima quinta-feira (6), ap\u00f3s aprovar o Projeto de Lei de Diretrizes Or\u00e7ament\u00e1rias (LDO) relativo ao exerc\u00edcio financeiro de 2018.\u00a0As atividades ser\u00e3o retomadas a partir do dia 1\u00ba de agosto. Conforme o Regimento Interno da Casa Legislativa, a sess\u00e3o legislativa ordin\u00e1ria anual \u00e9 realizada de 15 [&hellip;]<\/p>\n","protected":false},"author":2,"featured_media":66418,"comment_status":"open","ping_status":"open","sticky":false,"template":"","format":"standard","meta":{"footnotes":"","_links_to":"","_links_to_target":""},"categories":[1],"tags":[],"class_list":["post-66417","post","type-post","status-publish","format-standard","has-post-thumbnail","hentry","category-geral"],"views":1692,"_links":{"self":[{"href":"https:\/\/www.sudoestehoje.com.br\/novoportal\/wp-json\/wp\/v2\/posts\/66417","targetHints":{"allow":["GET"]}}],"collection":[{"href":"https:\/\/www.sudoestehoje.com.br\/novoportal\/wp-json\/wp\/v2\/posts"}],"about":[{"href":"https:\/\/www.sudoestehoje.com.br\/novoportal\/wp-json\/wp\/v2\/types\/post"}],"author":[{"embeddable":true,"href":"https:\/\/www.sudoestehoje.com.br\/novoportal\/wp-json\/wp\/v2\/users\/2"}],"replies":[{"embeddable":true,"href":"https:\/\/www.sudoestehoje.com.br\/novoportal\/wp-json\/wp\/v2\/comments?post=66417"}],"version-history":[{"count":1,"href":"https:\/\/www.sudoestehoje.com.br\/novoportal\/wp-json\/wp\/v2\/posts\/66417\/revisions"}],"predecessor-version":[{"id":66419,"href":"https:\/\/www.sudoestehoje.com.br\/novoportal\/wp-json\/wp\/v2\/posts\/66417\/revisions\/66419"}],"wp:featuredmedia":[{"embeddable":true,"href":"https:\/\/www.sudoestehoje.com.br\/novoportal\/wp-json\/wp\/v2\/media\/66418"}],"wp:attachment":[{"href":"https:\/\/www.sudoestehoje.com.br\/novoportal\/wp-json\/wp\/v2\/media?parent=66417"}],"wp:term":[{"taxonomy":"category","embeddable":true,"href":"https:\/\/www.sudoestehoje.com.br\/novoportal\/wp-json\/wp\/v2\/categories?post=66417"},{"taxonomy":"post_tag","embeddable":true,"href":"https:\/\/www.sudoestehoje.com.br\/novoportal\/wp-json\/wp\/v2\/tags?post=66417"}],"curies":[{"name":"wp","href":"https:\/\/api.w.org\/{rel}","templated":true}]}}