
{"id":66411,"date":"2017-07-10T00:38:02","date_gmt":"2017-07-10T03:38:02","guid":{"rendered":"http:\/\/www.sudoestehoje.com.br\/novoportal\/?p=66411"},"modified":"2017-07-10T00:38:02","modified_gmt":"2017-07-10T03:38:02","slug":"itapetinga-fantastico-mostra-evolucao-patrimonial-de-geddel-na-regiao","status":"publish","type":"post","link":"https:\/\/www.sudoestehoje.com.br\/novoportal\/2017\/07\/10\/itapetinga-fantastico-mostra-evolucao-patrimonial-de-geddel-na-regiao\/","title":{"rendered":"ITAPETINGA: FANT\u00c1STICO MOSTRA EVOLU\u00c7\u00c3O PATRIMONIAL DE GEDDEL NA REGI\u00c3O"},"content":{"rendered":"<p><strong><em>Por Davi Ferraz<\/em><\/strong><\/p>\n<p><a href=\"http:\/\/www.sudoestehoje.com.br\/novoportal\/wp-content\/uploads\/2017\/07\/Zen\u00f3bio-no-fantastico.jpg\"><img loading=\"lazy\" decoding=\"async\" class=\"aligncenter  wp-image-66414\" src=\"http:\/\/www.sudoestehoje.com.br\/novoportal\/wp-content\/uploads\/2017\/07\/Zen\u00f3bio-no-fantastico-500x255.jpg\" alt=\"\" width=\"500\" height=\"255\" srcset=\"https:\/\/www.sudoestehoje.com.br\/novoportal\/wp-content\/uploads\/2017\/07\/Zen\u00f3bio-no-fantastico-500x255.jpg 500w, https:\/\/www.sudoestehoje.com.br\/novoportal\/wp-content\/uploads\/2017\/07\/Zen\u00f3bio-no-fantastico-768x391.jpg 768w, https:\/\/www.sudoestehoje.com.br\/novoportal\/wp-content\/uploads\/2017\/07\/Zen\u00f3bio-no-fantastico-700x357.jpg 700w, https:\/\/www.sudoestehoje.com.br\/novoportal\/wp-content\/uploads\/2017\/07\/Zen\u00f3bio-no-fantastico.jpg 960w\" sizes=\"auto, (max-width: 500px) 100vw, 500px\" \/><\/a><\/p>\n<p>Neste domingo (9), o programa Fant\u00e1stico, da Rede Globo, apresentou uma extensa reportagem sobre a evolu\u00e7\u00e3o patrimonial do ex-ministro dos governos Lula, Dilma e Temer, Geddel Vieira Lima (PMDB), destacando as propriedades rurais do peemedebista na regi\u00e3o de Itapetinga.<\/p>\n<p>Na mat\u00e9ria do prestigiado rep\u00f3rter Jos\u00e9 Raimundo, da Rede Bahia, algumas figuras conhecidas na regi\u00e3o apareceram com certo destaque, como o ex-secret\u00e1rio municipal de Fazenda, Zen\u00f3bio Cerqueira, irm\u00e3o do ex-prefeito Jos\u00e9 Carlos Moura (PT), derrotado pelo PMDB local na \u00faltima elei\u00e7\u00e3o.<\/p>\n<p>Consultado como corretor de im\u00f3veis, Zen\u00f3bio chutou para cima o valor de um apartamento supostamente de propriedade de Geddel, superestimando-o em 1 milh\u00e3o e meio, mesmo sabendo que n\u00e3o existe nenhum im\u00f3vel residencial em Itapetinga, que alcance tal valor.<\/p>\n<p>Um exemplo disto \u00e9 a mans\u00e3o do seu irm\u00e3o Z\u00e9 Carlos Moura, no Recanto da Colina, que est\u00e1 \u00e0 venda h\u00e1 mais de um ano pela metade do pre\u00e7o atribu\u00eddo ao apartamento de Geddel, sem nenhum interessado. Deve ser o h\u00e1bito do superfaturamento que ainda permeia a mente do ex-secret\u00e1rio irm\u00e3o.<\/p>\n<p><strong><em><a href=\"http:\/\/Geddel no Fant\u00e1stico\">CONFIRA MAT\u00c9RIA COMPLETA DO FANT\u00c1STICO<\/a><\/em><\/strong><\/p>\n","protected":false},"excerpt":{"rendered":"<p>Por Davi Ferraz Neste domingo (9), o programa Fant\u00e1stico, da Rede Globo, apresentou uma extensa reportagem sobre a evolu\u00e7\u00e3o patrimonial do ex-ministro dos governos Lula, Dilma e Temer, Geddel Vieira Lima (PMDB), destacando as propriedades rurais do peemedebista na regi\u00e3o de Itapetinga. Na mat\u00e9ria do prestigiado rep\u00f3rter Jos\u00e9 Raimundo, da Rede Bahia, algumas figuras conhecidas [&hellip;]<\/p>\n","protected":false},"author":2,"featured_media":66414,"comment_status":"open","ping_status":"open","sticky":false,"template":"","format":"standard","meta":{"footnotes":"","_links_to":"","_links_to_target":""},"categories":[1],"tags":[],"class_list":["post-66411","post","type-post","status-publish","format-standard","has-post-thumbnail","hentry","category-geral"],"views":3142,"_links":{"self":[{"href":"https:\/\/www.sudoestehoje.com.br\/novoportal\/wp-json\/wp\/v2\/posts\/66411","targetHints":{"allow":["GET"]}}],"collection":[{"href":"https:\/\/www.sudoestehoje.com.br\/novoportal\/wp-json\/wp\/v2\/posts"}],"about":[{"href":"https:\/\/www.sudoestehoje.com.br\/novoportal\/wp-json\/wp\/v2\/types\/post"}],"author":[{"embeddable":true,"href":"https:\/\/www.sudoestehoje.com.br\/novoportal\/wp-json\/wp\/v2\/users\/2"}],"replies":[{"embeddable":true,"href":"https:\/\/www.sudoestehoje.com.br\/novoportal\/wp-json\/wp\/v2\/comments?post=66411"}],"version-history":[{"count":4,"href":"https:\/\/www.sudoestehoje.com.br\/novoportal\/wp-json\/wp\/v2\/posts\/66411\/revisions"}],"predecessor-version":[{"id":66416,"href":"https:\/\/www.sudoestehoje.com.br\/novoportal\/wp-json\/wp\/v2\/posts\/66411\/revisions\/66416"}],"wp:featuredmedia":[{"embeddable":true,"href":"https:\/\/www.sudoestehoje.com.br\/novoportal\/wp-json\/wp\/v2\/media\/66414"}],"wp:attachment":[{"href":"https:\/\/www.sudoestehoje.com.br\/novoportal\/wp-json\/wp\/v2\/media?parent=66411"}],"wp:term":[{"taxonomy":"category","embeddable":true,"href":"https:\/\/www.sudoestehoje.com.br\/novoportal\/wp-json\/wp\/v2\/categories?post=66411"},{"taxonomy":"post_tag","embeddable":true,"href":"https:\/\/www.sudoestehoje.com.br\/novoportal\/wp-json\/wp\/v2\/tags?post=66411"}],"curies":[{"name":"wp","href":"https:\/\/api.w.org\/{rel}","templated":true}]}}