
{"id":66383,"date":"2017-07-08T00:14:40","date_gmt":"2017-07-08T03:14:40","guid":{"rendered":"http:\/\/www.sudoestehoje.com.br\/novoportal\/?p=66383"},"modified":"2017-07-08T00:15:43","modified_gmt":"2017-07-08T03:15:43","slug":"conquista-video-mostra-caminhao-batendo-e-arrastando-veiculos","status":"publish","type":"post","link":"https:\/\/www.sudoestehoje.com.br\/novoportal\/2017\/07\/08\/conquista-video-mostra-caminhao-batendo-e-arrastando-veiculos\/","title":{"rendered":"CONQUISTA: V\u00cdDEO MOSTRA CAMINH\u00c3O BATENDO E ARRASTANDO VE\u00cdCULOS"},"content":{"rendered":"<p><strong><em>Blitz Conquista<\/em><\/strong><\/p>\n<p><a href=\"http:\/\/www.sudoestehoje.com.br\/novoportal\/wp-content\/uploads\/2017\/07\/video-1.jpg\"><img loading=\"lazy\" decoding=\"async\" class=\"aligncenter size-medium wp-image-66384\" src=\"http:\/\/www.sudoestehoje.com.br\/novoportal\/wp-content\/uploads\/2017\/07\/video-1-500x270.jpg\" alt=\"\" width=\"500\" height=\"270\" srcset=\"https:\/\/www.sudoestehoje.com.br\/novoportal\/wp-content\/uploads\/2017\/07\/video-1-500x270.jpg 500w, https:\/\/www.sudoestehoje.com.br\/novoportal\/wp-content\/uploads\/2017\/07\/video-1-768x415.jpg 768w, https:\/\/www.sudoestehoje.com.br\/novoportal\/wp-content\/uploads\/2017\/07\/video-1-700x378.jpg 700w, https:\/\/www.sudoestehoje.com.br\/novoportal\/wp-content\/uploads\/2017\/07\/video-1.jpg 800w\" sizes=\"auto, (max-width: 500px) 100vw, 500px\" \/><\/a><\/p>\n<p>Trag\u00e9dia envolvendo um caminh\u00e3o desgovernado matou uma pessoa e deixou outras nove feridas, em Vit\u00f3ria da Conquista, na manh\u00e3 desta sexta-feira (7). Um v\u00eddeo de uma c\u00e2mera de seguran\u00e7a mostra o exato momento em que o caminh\u00e3o bate nos ve\u00edculos, no cruzamento da Av. da Integra\u00e7\u00e3o com a Av. Par\u00e1, em Vit\u00f3ria da Conquista. Confira abaixo:<\/p>\n<p><iframe loading=\"lazy\" title=\"CAMINH\u00c3O DEIXA RASTRO DE DESTRUI\u00c7\u00c3O\" width=\"500\" height=\"281\" src=\"https:\/\/www.youtube.com\/embed\/Z4RFazEpmzM?feature=oembed\" frameborder=\"0\" allow=\"accelerometer; autoplay; clipboard-write; encrypted-media; gyroscope; picture-in-picture; web-share\" referrerpolicy=\"strict-origin-when-cross-origin\" allowfullscreen><\/iframe><\/p>\n","protected":false},"excerpt":{"rendered":"<p>Blitz Conquista Trag\u00e9dia envolvendo um caminh\u00e3o desgovernado matou uma pessoa e deixou outras nove feridas, em Vit\u00f3ria da Conquista, na manh\u00e3 desta sexta-feira (7). Um v\u00eddeo de uma c\u00e2mera de seguran\u00e7a mostra o exato momento em que o caminh\u00e3o bate nos ve\u00edculos, no cruzamento da Av. da Integra\u00e7\u00e3o com a Av. Par\u00e1, em Vit\u00f3ria da [&hellip;]<\/p>\n","protected":false},"author":2,"featured_media":66384,"comment_status":"open","ping_status":"open","sticky":false,"template":"","format":"standard","meta":{"footnotes":"","_links_to":"","_links_to_target":""},"categories":[1],"tags":[],"class_list":["post-66383","post","type-post","status-publish","format-standard","has-post-thumbnail","hentry","category-geral"],"views":4778,"_links":{"self":[{"href":"https:\/\/www.sudoestehoje.com.br\/novoportal\/wp-json\/wp\/v2\/posts\/66383","targetHints":{"allow":["GET"]}}],"collection":[{"href":"https:\/\/www.sudoestehoje.com.br\/novoportal\/wp-json\/wp\/v2\/posts"}],"about":[{"href":"https:\/\/www.sudoestehoje.com.br\/novoportal\/wp-json\/wp\/v2\/types\/post"}],"author":[{"embeddable":true,"href":"https:\/\/www.sudoestehoje.com.br\/novoportal\/wp-json\/wp\/v2\/users\/2"}],"replies":[{"embeddable":true,"href":"https:\/\/www.sudoestehoje.com.br\/novoportal\/wp-json\/wp\/v2\/comments?post=66383"}],"version-history":[{"count":1,"href":"https:\/\/www.sudoestehoje.com.br\/novoportal\/wp-json\/wp\/v2\/posts\/66383\/revisions"}],"predecessor-version":[{"id":66385,"href":"https:\/\/www.sudoestehoje.com.br\/novoportal\/wp-json\/wp\/v2\/posts\/66383\/revisions\/66385"}],"wp:featuredmedia":[{"embeddable":true,"href":"https:\/\/www.sudoestehoje.com.br\/novoportal\/wp-json\/wp\/v2\/media\/66384"}],"wp:attachment":[{"href":"https:\/\/www.sudoestehoje.com.br\/novoportal\/wp-json\/wp\/v2\/media?parent=66383"}],"wp:term":[{"taxonomy":"category","embeddable":true,"href":"https:\/\/www.sudoestehoje.com.br\/novoportal\/wp-json\/wp\/v2\/categories?post=66383"},{"taxonomy":"post_tag","embeddable":true,"href":"https:\/\/www.sudoestehoje.com.br\/novoportal\/wp-json\/wp\/v2\/tags?post=66383"}],"curies":[{"name":"wp","href":"https:\/\/api.w.org\/{rel}","templated":true}]}}