
{"id":66357,"date":"2017-07-06T18:57:39","date_gmt":"2017-07-06T21:57:39","guid":{"rendered":"http:\/\/www.sudoestehoje.com.br\/novoportal\/?p=66357"},"modified":"2017-07-06T18:57:39","modified_gmt":"2017-07-06T21:57:39","slug":"tragedia-bebe-de-5-meses-morre-em-acidente-na-rodovia-itapetinga-itambe","status":"publish","type":"post","link":"https:\/\/www.sudoestehoje.com.br\/novoportal\/2017\/07\/06\/tragedia-bebe-de-5-meses-morre-em-acidente-na-rodovia-itapetinga-itambe\/","title":{"rendered":"TRAG\u00c9DIA: BEB\u00ca DE 5 MESES MORRE EM ACIDENTE NA RODOVIA ITAPETINGA &#8211; ITAMB\u00c9"},"content":{"rendered":"<p><a href=\"http:\/\/www.sudoestehoje.com.br\/novoportal\/wp-content\/uploads\/2017\/07\/BEB\u00ca.jpg\"><img loading=\"lazy\" decoding=\"async\" class=\"aligncenter size-medium wp-image-66358\" src=\"http:\/\/www.sudoestehoje.com.br\/novoportal\/wp-content\/uploads\/2017\/07\/BEB\u00ca-500x302.jpg\" alt=\"\" width=\"500\" height=\"302\" srcset=\"https:\/\/www.sudoestehoje.com.br\/novoportal\/wp-content\/uploads\/2017\/07\/BEB\u00ca-500x302.jpg 500w, https:\/\/www.sudoestehoje.com.br\/novoportal\/wp-content\/uploads\/2017\/07\/BEB\u00ca.jpg 529w\" sizes=\"auto, (max-width: 500px) 100vw, 500px\" \/><\/a><\/p>\n<p>Um grave acidente de carro na BA-263, entre as cidades de Itamb\u00e9 e Itapetinga vitimou fatalmente uma crian\u00e7a de 05 meses, de nome THEO, na tarde desta quinta-feira (06).<\/p>\n<p>O carro seguia de Itamb\u00e9 para a cidade vizinha de Itapetinga, quando perdeu o controle, capotou e saiu da pista, descendo uma pequena ribanceira.\u00a0O socorro foi prestado por funcion\u00e1rios da Azaleia, que passavam pelo local no momento do acidente.<\/p>\n<p>A afirma\u00e7\u00e3o do \u00f3bito do beb\u00ea, quando descoberto no carro, causou grande como\u00e7\u00e3o nas pessoas que estavam ajudando no resgate. Muitos choraram. \/\/Informa\u00e7\u00f5es Itamb\u00e9 Agora.<\/p>\n<p><em>Veja em v\u00eddeo o resgate das v\u00edtimas<\/em>:<\/p>\n<p>https:\/\/www.youtube.com\/watch?v=AnliQg6YoZE<\/p>\n","protected":false},"excerpt":{"rendered":"<p>Um grave acidente de carro na BA-263, entre as cidades de Itamb\u00e9 e Itapetinga vitimou fatalmente uma crian\u00e7a de 05 meses, de nome THEO, na tarde desta quinta-feira (06). O carro seguia de Itamb\u00e9 para a cidade vizinha de Itapetinga, quando perdeu o controle, capotou e saiu da pista, descendo uma pequena ribanceira.\u00a0O socorro foi [&hellip;]<\/p>\n","protected":false},"author":2,"featured_media":66358,"comment_status":"open","ping_status":"open","sticky":false,"template":"","format":"standard","meta":{"footnotes":"","_links_to":"","_links_to_target":""},"categories":[1],"tags":[],"class_list":["post-66357","post","type-post","status-publish","format-standard","has-post-thumbnail","hentry","category-geral"],"views":5372,"_links":{"self":[{"href":"https:\/\/www.sudoestehoje.com.br\/novoportal\/wp-json\/wp\/v2\/posts\/66357","targetHints":{"allow":["GET"]}}],"collection":[{"href":"https:\/\/www.sudoestehoje.com.br\/novoportal\/wp-json\/wp\/v2\/posts"}],"about":[{"href":"https:\/\/www.sudoestehoje.com.br\/novoportal\/wp-json\/wp\/v2\/types\/post"}],"author":[{"embeddable":true,"href":"https:\/\/www.sudoestehoje.com.br\/novoportal\/wp-json\/wp\/v2\/users\/2"}],"replies":[{"embeddable":true,"href":"https:\/\/www.sudoestehoje.com.br\/novoportal\/wp-json\/wp\/v2\/comments?post=66357"}],"version-history":[{"count":3,"href":"https:\/\/www.sudoestehoje.com.br\/novoportal\/wp-json\/wp\/v2\/posts\/66357\/revisions"}],"predecessor-version":[{"id":66361,"href":"https:\/\/www.sudoestehoje.com.br\/novoportal\/wp-json\/wp\/v2\/posts\/66357\/revisions\/66361"}],"wp:featuredmedia":[{"embeddable":true,"href":"https:\/\/www.sudoestehoje.com.br\/novoportal\/wp-json\/wp\/v2\/media\/66358"}],"wp:attachment":[{"href":"https:\/\/www.sudoestehoje.com.br\/novoportal\/wp-json\/wp\/v2\/media?parent=66357"}],"wp:term":[{"taxonomy":"category","embeddable":true,"href":"https:\/\/www.sudoestehoje.com.br\/novoportal\/wp-json\/wp\/v2\/categories?post=66357"},{"taxonomy":"post_tag","embeddable":true,"href":"https:\/\/www.sudoestehoje.com.br\/novoportal\/wp-json\/wp\/v2\/tags?post=66357"}],"curies":[{"name":"wp","href":"https:\/\/api.w.org\/{rel}","templated":true}]}}