
{"id":66354,"date":"2017-07-06T15:58:18","date_gmt":"2017-07-06T18:58:18","guid":{"rendered":"http:\/\/www.sudoestehoje.com.br\/novoportal\/?p=66354"},"modified":"2017-07-06T15:58:18","modified_gmt":"2017-07-06T18:58:18","slug":"bahia-ex-prefeito-petista-de-santo-amaro-e-alvo-de-conducao-coercitiva-pela-pf","status":"publish","type":"post","link":"https:\/\/www.sudoestehoje.com.br\/novoportal\/2017\/07\/06\/bahia-ex-prefeito-petista-de-santo-amaro-e-alvo-de-conducao-coercitiva-pela-pf\/","title":{"rendered":"BAHIA: EX-PREFEITO PETISTA DE SANTO AMARO \u00c9 ALVO DE CONDU\u00c7\u00c3O COERCITIVA PELA PF"},"content":{"rendered":"<p><a href=\"http:\/\/www.sudoestehoje.com.br\/novoportal\/wp-content\/uploads\/2017\/07\/prefeitosantoamaro-700x466.jpg\"><img loading=\"lazy\" decoding=\"async\" class=\"aligncenter size-medium wp-image-66355\" src=\"http:\/\/www.sudoestehoje.com.br\/novoportal\/wp-content\/uploads\/2017\/07\/prefeitosantoamaro-700x466-500x333.jpg\" alt=\"\" width=\"500\" height=\"333\" srcset=\"https:\/\/www.sudoestehoje.com.br\/novoportal\/wp-content\/uploads\/2017\/07\/prefeitosantoamaro-700x466-500x333.jpg 500w, https:\/\/www.sudoestehoje.com.br\/novoportal\/wp-content\/uploads\/2017\/07\/prefeitosantoamaro-700x466.jpg 700w\" sizes=\"auto, (max-width: 500px) 100vw, 500px\" \/><\/a><\/p>\n<p>A defesa do ex-prefeito de Santo Amaro, Ricardo Machado (PT), afirmou que ele se apresentar\u00e1 amanh\u00e3 (7) para prestar esclarecimentos na Pol\u00edcia Federal, dentro do\u00a0<strong><a title=\"PF realiza opera\u00e7\u00e3o na Bahia para colher provas de fraudes em licita\u00e7\u00f5es\" href=\"http:\/\/www.todabahia.com.br\/pf-realiza-operacao-na-bahia-para-colher-provas-de-fraudes-em-licitacoes\/\">desdobramento da Opera\u00e7\u00e3o Adsumus<\/a><\/strong>, deflagrada nesta quinta (6). Machado \u00e9 alvo de um dos sete mandados de condu\u00e7\u00e3o coercitiva que a PF deveria realizar hoje.<\/p>\n<p>O petista \u00e9 acusado de integrar um esquema criminoso na cidade em que foi prefeito, mas n\u00e3o foi localizado hoje. Segundo a delegada Luciana Matutino, ele n\u00e3o foi encontrado em casa, e a esposa dele tamb\u00e9m n\u00e3o soube informar seu paradeiro.<\/p>\n<p>O ex-vice-prefeito de Santo Amaro, Leo Pacheco, tamb\u00e9m n\u00e3o foi encontrado pela PF.<\/p>\n","protected":false},"excerpt":{"rendered":"<p>A defesa do ex-prefeito de Santo Amaro, Ricardo Machado (PT), afirmou que ele se apresentar\u00e1 amanh\u00e3 (7) para prestar esclarecimentos na Pol\u00edcia Federal, dentro do\u00a0desdobramento da Opera\u00e7\u00e3o Adsumus, deflagrada nesta quinta (6). Machado \u00e9 alvo de um dos sete mandados de condu\u00e7\u00e3o coercitiva que a PF deveria realizar hoje. O petista \u00e9 acusado de integrar [&hellip;]<\/p>\n","protected":false},"author":2,"featured_media":66355,"comment_status":"open","ping_status":"open","sticky":false,"template":"","format":"standard","meta":{"footnotes":"","_links_to":"","_links_to_target":""},"categories":[1],"tags":[],"class_list":["post-66354","post","type-post","status-publish","format-standard","has-post-thumbnail","hentry","category-geral"],"views":1073,"_links":{"self":[{"href":"https:\/\/www.sudoestehoje.com.br\/novoportal\/wp-json\/wp\/v2\/posts\/66354","targetHints":{"allow":["GET"]}}],"collection":[{"href":"https:\/\/www.sudoestehoje.com.br\/novoportal\/wp-json\/wp\/v2\/posts"}],"about":[{"href":"https:\/\/www.sudoestehoje.com.br\/novoportal\/wp-json\/wp\/v2\/types\/post"}],"author":[{"embeddable":true,"href":"https:\/\/www.sudoestehoje.com.br\/novoportal\/wp-json\/wp\/v2\/users\/2"}],"replies":[{"embeddable":true,"href":"https:\/\/www.sudoestehoje.com.br\/novoportal\/wp-json\/wp\/v2\/comments?post=66354"}],"version-history":[{"count":1,"href":"https:\/\/www.sudoestehoje.com.br\/novoportal\/wp-json\/wp\/v2\/posts\/66354\/revisions"}],"predecessor-version":[{"id":66356,"href":"https:\/\/www.sudoestehoje.com.br\/novoportal\/wp-json\/wp\/v2\/posts\/66354\/revisions\/66356"}],"wp:featuredmedia":[{"embeddable":true,"href":"https:\/\/www.sudoestehoje.com.br\/novoportal\/wp-json\/wp\/v2\/media\/66355"}],"wp:attachment":[{"href":"https:\/\/www.sudoestehoje.com.br\/novoportal\/wp-json\/wp\/v2\/media?parent=66354"}],"wp:term":[{"taxonomy":"category","embeddable":true,"href":"https:\/\/www.sudoestehoje.com.br\/novoportal\/wp-json\/wp\/v2\/categories?post=66354"},{"taxonomy":"post_tag","embeddable":true,"href":"https:\/\/www.sudoestehoje.com.br\/novoportal\/wp-json\/wp\/v2\/tags?post=66354"}],"curies":[{"name":"wp","href":"https:\/\/api.w.org\/{rel}","templated":true}]}}