
{"id":66348,"date":"2017-07-06T00:09:38","date_gmt":"2017-07-06T03:09:38","guid":{"rendered":"http:\/\/www.sudoestehoje.com.br\/novoportal\/?p=66348"},"modified":"2017-07-06T23:40:29","modified_gmt":"2017-07-07T02:40:29","slug":"tj-decide-desativar-34-comarcas-de-cidades-do-interior-do-estado","status":"publish","type":"post","link":"https:\/\/www.sudoestehoje.com.br\/novoportal\/2017\/07\/06\/tj-decide-desativar-34-comarcas-de-cidades-do-interior-do-estado\/","title":{"rendered":"BAHIA: TJ DECIDE DESATIVAR 34 COMARCAS DE CIDADES DO INTERIOR DO ESTADO"},"content":{"rendered":"<div id=\"attachment_66350\" style=\"width: 511px\" class=\"wp-caption aligncenter\"><a href=\"http:\/\/www.sudoestehoje.com.br\/novoportal\/wp-content\/uploads\/2017\/07\/F\u00f3rum-Igua\u00ed.jpg\"><img loading=\"lazy\" decoding=\"async\" aria-describedby=\"caption-attachment-66350\" class=\" wp-image-66350\" src=\"http:\/\/www.sudoestehoje.com.br\/novoportal\/wp-content\/uploads\/2017\/07\/F\u00f3rum-Igua\u00ed.jpg\" alt=\"\" width=\"501\" height=\"371\" \/><\/a><p id=\"caption-attachment-66350\" class=\"wp-caption-text\"><strong>F\u00d3RUM DE IGUA\u00cd ABRIGAR\u00c1 OS PROCESSOS DE DE IBICU\u00cd E NOVA CANA\u00c3<\/strong><\/p><\/div>\n<p class=\"bodytext\">Os desembargadores do Tribunal de Justi\u00e7a da Bahia (TJ-BA) decidiram aprovar, na manh\u00e3 desta quarta-feira (5), a desativa\u00e7\u00e3o de 34 comarcas de cidades do interior do estado. De acordo com o \u00f3rg\u00e3o, a medida est\u00e1 alinhada com recomenda\u00e7\u00f5es do\u00a0Conselho Nacional de Justi\u00e7a (CNJ), que estabelecem que os tribunais devem adotar provid\u00eancias para extin\u00e7\u00e3o, transforma\u00e7\u00e3o ou transfer\u00eancia das unidades com baixa movimenta\u00e7\u00e3o de processos nos \u00faltimos tr\u00eas anos.<\/p>\n<p class=\"bodytext\">\u00a0Ainda segundo o \u00f3rg\u00e3o, a medida levou em conta crit\u00e9rios e quest\u00f5es t\u00e9cnicas como arrecada\u00e7\u00e3o judicial e despesas da comarca, bem como a dist\u00e2ncia entre as unidades que passar\u00e3o a assumir o acervo processual e o n\u00famero de servidores da antiga comarca.\u00a0As cidades que perderam de vez as comarcas judiciais foram Abar\u00e9, Acajutiba, Alcoba\u00e7a, Angical, Aurelino Leal, Baixa Grande, Boa Nova, Boquira, Brej\u00f5es, Brotas de Maca\u00fabas, Concei\u00e7\u00e3o da Feira, Ibicu\u00ed, Ibirapitanga, Itagimirim, Itapebi, Itapitanga, Itiru\u00e7u, Jaguaripe,\u00a0Jiquiri\u00e7\u00e1, Mara\u00fa, Milagres, Mucug\u00ea, Nova Cana\u00e3, Nova F\u00e1tima, Palmeiras, Paratinga, Pau Brasil, Presidente Dultra, Rio de Contas, Santa Luzia, S\u00e3o Gabriel, Serra Preta, Wanderley.<\/p>\n<p class=\"bodytext\">Confira na tabela abaixo as comarcas que ir\u00e3o receber os processos de cada munic\u00edpio a partir de agora.\u00a0Algumas comarcas das cidades acimas j\u00e1 tinham sido agregadas \u00e0 outras maiores, mas vinham\u00a0mantendo\u00a0suas estruturas. No entanto, o\u00a0\u00f3rg\u00e3o explica que as comarcas desativadas poder\u00e3o voltar a funcionar a qualquer tempo tamb\u00e9m por resolu\u00e7\u00e3o do Tribunal Pleno. Al\u00e9m dessa medida, tamb\u00e9m foi decidido que as comarcas de Camamu, Castro Alves, Inhambupe, Itaju\u00edpe, Olindina, Pojuca e Uru\u00e7uca, que possu\u00edam vara crime e c\u00edvel, passam a ter uma vara \u00fanica, sendo jurisdi\u00e7\u00e3o plena. CONFIRA COMARCAS QUE RECEBER\u00c3O PROCESSOS:<!--more--><\/p>\n<div class=\"teads-inread\"><\/div>\n<table class=\"middle\" summary=\"\">\n<thead>\n<tr>\n<th scope=\"col\">\n<p class=\"bodytext\">Comarca Desativada<\/p>\n<\/th>\n<th scope=\"col\">\n<p class=\"bodytext\">Comarca que receber\u00e1 os processos<\/p>\n<\/th>\n<\/tr>\n<\/thead>\n<tbody>\n<tr>\n<td>\n<p class=\"bodytext\">Abar\u00e9<\/p>\n<\/td>\n<td>\n<p class=\"bodytext\">Chorroch\u00f3<\/p>\n<\/td>\n<\/tr>\n<tr>\n<td>\n<p class=\"bodytext\">Acajutiba<\/p>\n<\/td>\n<td>\n<p class=\"bodytext\">Esplanada<\/p>\n<\/td>\n<\/tr>\n<tr>\n<td>\n<p class=\"bodytext\">Alcoba\u00e7a<\/p>\n<\/td>\n<td>\n<p class=\"bodytext\">Prado<\/p>\n<\/td>\n<\/tr>\n<tr>\n<td>\n<p class=\"bodytext\">Angical<\/p>\n<\/td>\n<td>\n<p class=\"bodytext\">Barreiras<\/p>\n<\/td>\n<\/tr>\n<tr>\n<td>\n<p class=\"bodytext\">Aurelino Leal<\/p>\n<\/td>\n<td>\n<p class=\"bodytext\">Ubaitaba<\/p>\n<\/td>\n<\/tr>\n<tr>\n<td>\n<p class=\"bodytext\">Baixa Grande<\/p>\n<\/td>\n<td>\n<p class=\"bodytext\">Ipir\u00e1<\/p>\n<\/td>\n<\/tr>\n<tr>\n<td>\n<p class=\"bodytext\">Boa Nova<\/p>\n<\/td>\n<td>\n<p class=\"bodytext\">Po\u00e7\u00f5es<\/p>\n<\/td>\n<\/tr>\n<tr>\n<td>\n<p class=\"bodytext\">Boquira<\/p>\n<\/td>\n<td>\n<p class=\"bodytext\">Maca\u00fabas<\/p>\n<\/td>\n<\/tr>\n<tr>\n<td>\n<p class=\"bodytext\">Brej\u00f5es<\/p>\n<\/td>\n<td>\n<p class=\"bodytext\">Amargosa<\/p>\n<\/td>\n<\/tr>\n<tr>\n<td>\n<p class=\"bodytext\">Brotas de Maca\u00fabas<\/p>\n<\/td>\n<td>\n<p class=\"bodytext\">Oliveira dos Brejinhos<\/p>\n<\/td>\n<\/tr>\n<tr>\n<td>\n<p class=\"bodytext\">Concei\u00e7\u00e3o da Feira<\/p>\n<\/td>\n<td>\n<p class=\"bodytext\">S\u00e3o Gon\u00e7alo dos Campos<\/p>\n<\/td>\n<\/tr>\n<tr>\n<td>\n<p class=\"bodytext\">Ibicu\u00ed<\/p>\n<\/td>\n<td>\n<p class=\"bodytext\">Igua\u00ed<\/p>\n<\/td>\n<\/tr>\n<tr>\n<td>\n<p class=\"bodytext\">Ibirapitanga<\/p>\n<\/td>\n<td>\n<p class=\"bodytext\">Ubat\u00e3<\/p>\n<\/td>\n<\/tr>\n<tr>\n<td>\n<p class=\"bodytext\">Itagimirim<\/p>\n<\/td>\n<td>\n<p class=\"bodytext\">Eun\u00e1polis<\/p>\n<\/td>\n<\/tr>\n<tr>\n<td>\n<p class=\"bodytext\">Itapebi<\/p>\n<\/td>\n<td>\n<p class=\"bodytext\">Itagimirim<\/p>\n<\/td>\n<\/tr>\n<tr>\n<td>\n<p class=\"bodytext\">Itapitanga<\/p>\n<\/td>\n<td>\n<p class=\"bodytext\">Coaraci<\/p>\n<\/td>\n<\/tr>\n<tr>\n<td>\n<p class=\"bodytext\">Itiru\u00e7u<\/p>\n<\/td>\n<td>\n<p class=\"bodytext\">Jaguaquara<\/p>\n<\/td>\n<\/tr>\n<tr>\n<td>\n<p class=\"bodytext\">Jaguaripe<\/p>\n<\/td>\n<td>\n<p class=\"bodytext\">Nazar\u00e9<\/p>\n<\/td>\n<\/tr>\n<tr>\n<td>\n<p class=\"bodytext\">Jiquiri\u00e7\u00e1<\/p>\n<\/td>\n<td>\n<p class=\"bodytext\">Mutu\u00edpe<\/p>\n<\/td>\n<\/tr>\n<tr>\n<td>\n<p class=\"bodytext\">Mara\u00fa<\/p>\n<\/td>\n<td>\n<p class=\"bodytext\">Itacar\u00e9<\/p>\n<\/td>\n<\/tr>\n<tr>\n<td>\n<p class=\"bodytext\">Milagres<\/p>\n<\/td>\n<td>\n<p class=\"bodytext\">Amargosa<\/p>\n<\/td>\n<\/tr>\n<tr>\n<td>\n<p class=\"bodytext\">Mucug\u00ea<\/p>\n<\/td>\n<td>\n<p class=\"bodytext\">Andara\u00ed<\/p>\n<\/td>\n<\/tr>\n<tr>\n<td>\n<p class=\"bodytext\">Nova Cana\u00e3<\/p>\n<\/td>\n<td>\n<p class=\"bodytext\">Igua\u00ed<\/p>\n<\/td>\n<\/tr>\n<tr>\n<td>\n<p class=\"bodytext\">Nova F\u00e1tima<\/p>\n<\/td>\n<td>\n<p class=\"bodytext\">Capela do Alto Alegre<\/p>\n<\/td>\n<\/tr>\n<tr>\n<td>\n<p class=\"bodytext\">Palmeiras<\/p>\n<\/td>\n<td>\n<p class=\"bodytext\">Iraquara<\/p>\n<\/td>\n<\/tr>\n<tr>\n<td>\n<p class=\"bodytext\">Paratinga<\/p>\n<\/td>\n<td>\n<p class=\"bodytext\">Bom Jesus da Lapa<\/p>\n<\/td>\n<\/tr>\n<tr>\n<td>\n<p class=\"bodytext\">Pau Brasil<\/p>\n<\/td>\n<td>\n<p class=\"bodytext\">Camac\u00e3<\/p>\n<\/td>\n<\/tr>\n<tr>\n<td>\n<p class=\"bodytext\">Presidente Dultra<\/p>\n<\/td>\n<td>\n<p class=\"bodytext\">Irec\u00ea<\/p>\n<\/td>\n<\/tr>\n<tr>\n<td>\n<p class=\"bodytext\">Rio de Contas<\/p>\n<\/td>\n<td>\n<p class=\"bodytext\">Livramento de Nossa Senhora<\/p>\n<\/td>\n<\/tr>\n<tr>\n<td>\n<p class=\"bodytext\">Santa Luzia<\/p>\n<\/td>\n<td>\n<p class=\"bodytext\">Camac\u00e3<\/p>\n<\/td>\n<\/tr>\n<tr>\n<td>\n<p class=\"bodytext\">S\u00e3o Gabriel<\/p>\n<\/td>\n<td>\n<p class=\"bodytext\">Central<\/p>\n<\/td>\n<\/tr>\n<tr>\n<td>\n<p class=\"bodytext\">Serra Preta<\/p>\n<\/td>\n<td>\n<p class=\"bodytext\">Ipir\u00e1<\/p>\n<\/td>\n<\/tr>\n<tr>\n<td>\n<p class=\"bodytext\">Wanderley<\/p>\n<\/td>\n<td>\n<p class=\"bodytext\">Cotegipe<\/p>\n<\/td>\n<\/tr>\n<\/tbody>\n<\/table>\n","protected":false},"excerpt":{"rendered":"<p>Os desembargadores do Tribunal de Justi\u00e7a da Bahia (TJ-BA) decidiram aprovar, na manh\u00e3 desta quarta-feira (5), a desativa\u00e7\u00e3o de 34 comarcas de cidades do interior do estado. De acordo com o \u00f3rg\u00e3o, a medida est\u00e1 alinhada com recomenda\u00e7\u00f5es do\u00a0Conselho Nacional de Justi\u00e7a (CNJ), que estabelecem que os tribunais devem adotar provid\u00eancias para extin\u00e7\u00e3o, transforma\u00e7\u00e3o ou [&hellip;]<\/p>\n","protected":false},"author":2,"featured_media":66350,"comment_status":"open","ping_status":"open","sticky":false,"template":"","format":"standard","meta":{"footnotes":"","_links_to":"","_links_to_target":""},"categories":[1],"tags":[],"class_list":["post-66348","post","type-post","status-publish","format-standard","has-post-thumbnail","hentry","category-geral"],"views":1464,"_links":{"self":[{"href":"https:\/\/www.sudoestehoje.com.br\/novoportal\/wp-json\/wp\/v2\/posts\/66348","targetHints":{"allow":["GET"]}}],"collection":[{"href":"https:\/\/www.sudoestehoje.com.br\/novoportal\/wp-json\/wp\/v2\/posts"}],"about":[{"href":"https:\/\/www.sudoestehoje.com.br\/novoportal\/wp-json\/wp\/v2\/types\/post"}],"author":[{"embeddable":true,"href":"https:\/\/www.sudoestehoje.com.br\/novoportal\/wp-json\/wp\/v2\/users\/2"}],"replies":[{"embeddable":true,"href":"https:\/\/www.sudoestehoje.com.br\/novoportal\/wp-json\/wp\/v2\/comments?post=66348"}],"version-history":[{"count":5,"href":"https:\/\/www.sudoestehoje.com.br\/novoportal\/wp-json\/wp\/v2\/posts\/66348\/revisions"}],"predecessor-version":[{"id":66368,"href":"https:\/\/www.sudoestehoje.com.br\/novoportal\/wp-json\/wp\/v2\/posts\/66348\/revisions\/66368"}],"wp:featuredmedia":[{"embeddable":true,"href":"https:\/\/www.sudoestehoje.com.br\/novoportal\/wp-json\/wp\/v2\/media\/66350"}],"wp:attachment":[{"href":"https:\/\/www.sudoestehoje.com.br\/novoportal\/wp-json\/wp\/v2\/media?parent=66348"}],"wp:term":[{"taxonomy":"category","embeddable":true,"href":"https:\/\/www.sudoestehoje.com.br\/novoportal\/wp-json\/wp\/v2\/categories?post=66348"},{"taxonomy":"post_tag","embeddable":true,"href":"https:\/\/www.sudoestehoje.com.br\/novoportal\/wp-json\/wp\/v2\/tags?post=66348"}],"curies":[{"name":"wp","href":"https:\/\/api.w.org\/{rel}","templated":true}]}}