
{"id":66312,"date":"2017-07-04T09:00:48","date_gmt":"2017-07-04T12:00:48","guid":{"rendered":"http:\/\/www.sudoestehoje.com.br\/novoportal\/?p=66312"},"modified":"2017-07-04T09:00:48","modified_gmt":"2017-07-04T12:00:48","slug":"itapetinga-morre-o-pecuarista-romulo-souto-coelho-presidente-da-coopardo","status":"publish","type":"post","link":"https:\/\/www.sudoestehoje.com.br\/novoportal\/2017\/07\/04\/itapetinga-morre-o-pecuarista-romulo-souto-coelho-presidente-da-coopardo\/","title":{"rendered":"ITAPETINGA: MORRE O PECUARISTA R\u00d4MULO SOUTO COELHO, PRESIDENTE DA COOPARDO"},"content":{"rendered":"<p><a href=\"http:\/\/www.sudoestehoje.com.br\/novoportal\/wp-content\/uploads\/2017\/07\/ROMULO.jpg\"><img loading=\"lazy\" decoding=\"async\" class=\"aligncenter size-medium wp-image-66314\" src=\"http:\/\/www.sudoestehoje.com.br\/novoportal\/wp-content\/uploads\/2017\/07\/ROMULO-500x333.jpg\" alt=\"\" width=\"500\" height=\"333\" \/><\/a><\/p>\n<p>Faleceu, na manh\u00e3 desta ter\u00e7a-feira (4), em Vit\u00f3ria da Conquista, o pecuarista R\u00f4mulo Souto Coelho, 75 anos, ex vice-prefeito de Itapetinga e atual presidente da Cooperativa Mista do M\u00e9dio Rio Pardo &#8211; Coopardo.<\/p>\n<p>Acometido por uma grave infec\u00e7\u00e3o, R\u00f4mulo foi internado no Hospital Samur, em Conquista, no m\u00eas de maio, mas o seu estado de sa\u00fade se agravou, impossibilitando a sua recupera\u00e7\u00e3o.<\/p>\n<p>Sempre ligado \u00e0s causas do munic\u00edpio, R\u00f4mulo teve importante participa\u00e7\u00e3o na pol\u00edtica local, se elegendo vice-prefeito de Itapetinga em 1992, pelo PMDB, vindo a se candidatar a prefeito em 1996, mas n\u00e3o se elegeu.<\/p>\n<p>A partir da\u00ed, R\u00f4mulo se dedicou exclusivamente \u00e0 pecu\u00e1ria, ocupando o cargo de presidente da Coopardo, de onde se licenciou, em maio \u00faltimo, para tratamento de sa\u00fade.<\/p>\n<p>Neste momento o corpo est\u00e1 sendo transportado do Hospital Samur, em Vit\u00f3ria da Conquista, para Itapetinga, e dever\u00e1 ser velado na Pax Perfei\u00e7\u00e3o. O hor\u00e1rio e local do sepultamento ainda n\u00e3o foram confirmados pela fam\u00edlia.<\/p>\n<p>O editor deste blog, na qualidade de amigo, parente e parceiro de R\u00f4mulo, manifesta o seu imenso pesar pela inestim\u00e1vel perda.<\/p>\n<p><strong><em>Davi Ferraz &#8211; Editor<\/em><\/strong><\/p>\n","protected":false},"excerpt":{"rendered":"<p>Faleceu, na manh\u00e3 desta ter\u00e7a-feira (4), em Vit\u00f3ria da Conquista, o pecuarista R\u00f4mulo Souto Coelho, 75 anos, ex vice-prefeito de Itapetinga e atual presidente da Cooperativa Mista do M\u00e9dio Rio Pardo &#8211; Coopardo. Acometido por uma grave infec\u00e7\u00e3o, R\u00f4mulo foi internado no Hospital Samur, em Conquista, no m\u00eas de maio, mas o seu estado de [&hellip;]<\/p>\n","protected":false},"author":2,"featured_media":66314,"comment_status":"open","ping_status":"open","sticky":false,"template":"","format":"standard","meta":{"footnotes":"","_links_to":"","_links_to_target":""},"categories":[1],"tags":[],"class_list":["post-66312","post","type-post","status-publish","format-standard","has-post-thumbnail","hentry","category-geral"],"views":2801,"_links":{"self":[{"href":"https:\/\/www.sudoestehoje.com.br\/novoportal\/wp-json\/wp\/v2\/posts\/66312","targetHints":{"allow":["GET"]}}],"collection":[{"href":"https:\/\/www.sudoestehoje.com.br\/novoportal\/wp-json\/wp\/v2\/posts"}],"about":[{"href":"https:\/\/www.sudoestehoje.com.br\/novoportal\/wp-json\/wp\/v2\/types\/post"}],"author":[{"embeddable":true,"href":"https:\/\/www.sudoestehoje.com.br\/novoportal\/wp-json\/wp\/v2\/users\/2"}],"replies":[{"embeddable":true,"href":"https:\/\/www.sudoestehoje.com.br\/novoportal\/wp-json\/wp\/v2\/comments?post=66312"}],"version-history":[{"count":2,"href":"https:\/\/www.sudoestehoje.com.br\/novoportal\/wp-json\/wp\/v2\/posts\/66312\/revisions"}],"predecessor-version":[{"id":66315,"href":"https:\/\/www.sudoestehoje.com.br\/novoportal\/wp-json\/wp\/v2\/posts\/66312\/revisions\/66315"}],"wp:featuredmedia":[{"embeddable":true,"href":"https:\/\/www.sudoestehoje.com.br\/novoportal\/wp-json\/wp\/v2\/media\/66314"}],"wp:attachment":[{"href":"https:\/\/www.sudoestehoje.com.br\/novoportal\/wp-json\/wp\/v2\/media?parent=66312"}],"wp:term":[{"taxonomy":"category","embeddable":true,"href":"https:\/\/www.sudoestehoje.com.br\/novoportal\/wp-json\/wp\/v2\/categories?post=66312"},{"taxonomy":"post_tag","embeddable":true,"href":"https:\/\/www.sudoestehoje.com.br\/novoportal\/wp-json\/wp\/v2\/tags?post=66312"}],"curies":[{"name":"wp","href":"https:\/\/api.w.org\/{rel}","templated":true}]}}