
{"id":663,"date":"2010-09-28T09:52:02","date_gmt":"2010-09-28T12:52:02","guid":{"rendered":"http:\/\/sudoestehoje.tempsite.ws\/novoportal\/?p=663"},"modified":"2010-09-28T23:06:40","modified_gmt":"2010-09-29T02:06:40","slug":"datafolha-vantagem-de-dilma-e-de-apenas-2","status":"publish","type":"post","link":"https:\/\/www.sudoestehoje.com.br\/novoportal\/2010\/09\/28\/datafolha-vantagem-de-dilma-e-de-apenas-2\/","title":{"rendered":"Datafolha: Virada de Serra e Marina pode garantir o segundo turno"},"content":{"rendered":"<p style=\"text-align: center;\"><img decoding=\"async\" class=\"aligncenter\" src=\"http:\/\/portalexame.abril.com.br\/imagem\/dilma-serra-marina-abr460.jpg\" alt=\"\" \/><\/p>\n<p style=\"text-align: center;\">DILMA\u00a0&#8211; 46%\u00a0\u00a0\u00a0\u00a0\u00a0\u00a0\u00a0\u00a0\u00a0\u00a0\u00a0\u00a0\u00a0\u00a0\u00a0\u00a0\u00a0SERRA &#8211; 28\u00a0%\u00a0\u00a0\u00a0\u00a0\u00a0\u00a0\u00a0\u00a0\u00a0\u00a0\u00a0\u00a0\u00a0\u00a0\u00a0\u00a0\u00a0\u00a0\u00a0\u00a0 MARINA &#8211; 14%<\/p>\n<p>\u00a0<\/p>\n<p>PESQUISA DATAFOLHA: Houve queda da presidenci\u00e1vel Dilma Rousseff (PT), no \u00faltimo levantamento do Datafolha, publicado nesta ter\u00e7a (28), em todos os estratos da popula\u00e7\u00e3o, nos cortes por sexo, regi\u00e3o, renda, escolaridade e idade. Uma das maiores baixas (queda de 5% nas inten\u00e7\u00f5es de voto) se deu entre os que ganham de 2 a 5 sal\u00e1rios m\u00ednimos (entre R$ 1.020 e R$ 2.550). Cerca de 33% da popula\u00e7\u00e3o brasileira se encaixa nessa faixa de renda. Dilma perde votos desde a segunda semana de setembro, quando o esc\u00e2ndalo\u00a0do suposto tr\u00e1fico de influ\u00eancia na Casa Civil levou ao pedido de demiss\u00e3o de sua ex-principal assessora, Erenice Guerra. De l\u00e1 para c\u00e1, o total das inten\u00e7\u00f5es de voto na petista caiu de 51% para 46%. J\u00e1 a soma de seus advers\u00e1rios subiu de 39% para 44%. Votos brancos, nulo e eleitores que n\u00e3o votar\u00e3o em nenhum candidato somam 3%. O n\u00famero de indecisos \u00e9 de 7%. Os outros candidatos n\u00e3o alcan\u00e7aram 1%\u00a0. BN<\/p>\n","protected":false},"excerpt":{"rendered":"<p>DILMA\u00a0&#8211; 46%\u00a0\u00a0\u00a0\u00a0\u00a0\u00a0\u00a0\u00a0\u00a0\u00a0\u00a0\u00a0\u00a0\u00a0\u00a0\u00a0\u00a0SERRA &#8211; 28\u00a0%\u00a0\u00a0\u00a0\u00a0\u00a0\u00a0\u00a0\u00a0\u00a0\u00a0\u00a0\u00a0\u00a0\u00a0\u00a0\u00a0\u00a0\u00a0\u00a0\u00a0 MARINA &#8211; 14% \u00a0 PESQUISA DATAFOLHA: Houve queda da presidenci\u00e1vel Dilma Rousseff (PT), no \u00faltimo levantamento do Datafolha, publicado nesta ter\u00e7a (28), em todos os estratos da popula\u00e7\u00e3o, nos cortes por sexo, regi\u00e3o, renda, escolaridade e idade. Uma das maiores baixas (queda de 5% nas inten\u00e7\u00f5es de voto) se deu entre [&hellip;]<\/p>\n","protected":false},"author":2,"featured_media":0,"comment_status":"open","ping_status":"open","sticky":false,"template":"","format":"standard","meta":{"footnotes":"","_links_to":"","_links_to_target":""},"categories":[4],"tags":[],"class_list":["post-663","post","type-post","status-publish","format-standard","hentry","category-politica"],"views":1310,"_links":{"self":[{"href":"https:\/\/www.sudoestehoje.com.br\/novoportal\/wp-json\/wp\/v2\/posts\/663","targetHints":{"allow":["GET"]}}],"collection":[{"href":"https:\/\/www.sudoestehoje.com.br\/novoportal\/wp-json\/wp\/v2\/posts"}],"about":[{"href":"https:\/\/www.sudoestehoje.com.br\/novoportal\/wp-json\/wp\/v2\/types\/post"}],"author":[{"embeddable":true,"href":"https:\/\/www.sudoestehoje.com.br\/novoportal\/wp-json\/wp\/v2\/users\/2"}],"replies":[{"embeddable":true,"href":"https:\/\/www.sudoestehoje.com.br\/novoportal\/wp-json\/wp\/v2\/comments?post=663"}],"version-history":[{"count":7,"href":"https:\/\/www.sudoestehoje.com.br\/novoportal\/wp-json\/wp\/v2\/posts\/663\/revisions"}],"predecessor-version":[{"id":665,"href":"https:\/\/www.sudoestehoje.com.br\/novoportal\/wp-json\/wp\/v2\/posts\/663\/revisions\/665"}],"wp:attachment":[{"href":"https:\/\/www.sudoestehoje.com.br\/novoportal\/wp-json\/wp\/v2\/media?parent=663"}],"wp:term":[{"taxonomy":"category","embeddable":true,"href":"https:\/\/www.sudoestehoje.com.br\/novoportal\/wp-json\/wp\/v2\/categories?post=663"},{"taxonomy":"post_tag","embeddable":true,"href":"https:\/\/www.sudoestehoje.com.br\/novoportal\/wp-json\/wp\/v2\/tags?post=663"}],"curies":[{"name":"wp","href":"https:\/\/api.w.org\/{rel}","templated":true}]}}