
{"id":66294,"date":"2017-07-03T17:40:01","date_gmt":"2017-07-03T20:40:01","guid":{"rendered":"http:\/\/www.sudoestehoje.com.br\/novoportal\/?p=66294"},"modified":"2017-07-03T17:40:01","modified_gmt":"2017-07-03T20:40:01","slug":"ex-ministro-geddel-e-preso-por-suspeita-de-atrapalhar-investigacoes","status":"publish","type":"post","link":"https:\/\/www.sudoestehoje.com.br\/novoportal\/2017\/07\/03\/ex-ministro-geddel-e-preso-por-suspeita-de-atrapalhar-investigacoes\/","title":{"rendered":"EX-MINISTRO GEDDEL \u00c9 PRESO POR SUSPEITA DE ATRAPALHAR INVESTIGA\u00c7\u00d5ES"},"content":{"rendered":"<div class=\"mc-column content-text active-extra-styles active-capital-letter\" data-block-type=\"unstyled\" data-block-weight=\"33\">\n<p class=\"content-text__container theme-color-primary-first-letter\" data-track-category=\"Link no Texto\" data-track-links=\"\"><a href=\"http:\/\/www.sudoestehoje.com.br\/novoportal\/wp-content\/uploads\/2017\/07\/GEDDEL-PRESO.jpg\"><img loading=\"lazy\" decoding=\"async\" class=\"aligncenter size-medium wp-image-66295\" src=\"http:\/\/www.sudoestehoje.com.br\/novoportal\/wp-content\/uploads\/2017\/07\/GEDDEL-PRESO-500x333.jpg\" alt=\"\" width=\"500\" height=\"333\" srcset=\"https:\/\/www.sudoestehoje.com.br\/novoportal\/wp-content\/uploads\/2017\/07\/GEDDEL-PRESO-500x333.jpg 500w, https:\/\/www.sudoestehoje.com.br\/novoportal\/wp-content\/uploads\/2017\/07\/GEDDEL-PRESO-768x511.jpg 768w, https:\/\/www.sudoestehoje.com.br\/novoportal\/wp-content\/uploads\/2017\/07\/GEDDEL-PRESO-700x466.jpg 700w, https:\/\/www.sudoestehoje.com.br\/novoportal\/wp-content\/uploads\/2017\/07\/GEDDEL-PRESO.jpg 1200w\" sizes=\"auto, (max-width: 500px) 100vw, 500px\" \/><\/a><\/p>\n<p class=\"content-text__container theme-color-primary-first-letter\" data-track-category=\"Link no Texto\" data-track-links=\"\">O ex-ministro da Secretaria de Governo Geddel Vieira Lima foi preso preventivamente nesta segunda-feira (3) na Bahia, por decis\u00e3o do juiz Vallisney de Souza Oliveira, da 10\u00aa Vara da Justi\u00e7a Federal de Bras\u00edlia.<\/p>\n<\/div>\n<div class=\"mc-column content-text active-extra-styles \" data-block-type=\"unstyled\" data-block-weight=\"64\">\n<p class=\"content-text__container \" data-track-category=\"Link no Texto\" data-track-links=\"\">Ex-deputado e ex-ministro de Luiz In\u00e1cio Lula da Silva e Michel Temer, Geddel era um principais nomes do PMDB no governo at\u00e9 pedir demiss\u00e3o, em novembro do ano passado, depois de supostamente ter pedido a interven\u00e7\u00e3o do ent\u00e3o ministro Marcelo Callero (Cultura), para liberar um empreendimento imobili\u00e1rio em Salvador. No governo Temer, era um dos principais respons\u00e1veis pela articula\u00e7\u00e3o pol\u00edtica com deputados e senadores.<\/p>\n<\/div>\n<div class=\"mc-column content-text active-extra-styles \" data-block-type=\"unstyled\" data-block-weight=\"67\">\n<p class=\"content-text__container \" data-track-category=\"Link no Texto\" data-track-links=\"\">Geddel Vieira Lima foi preso acusado de agir para atrapalhar investiga\u00e7\u00f5es da Opera\u00e7\u00e3o Cui Bono, que apura fraudes na libera\u00e7\u00e3o de cr\u00e9dito da Caixa Econ\u00f4mica Federal \u2013 o ex-ministro foi vice-presidente de Pessoa Jur\u00eddica da Caixa entre 2011 e 2013, no governo Dilma Rousseff.<\/p>\n<\/div>\n","protected":false},"excerpt":{"rendered":"<p>O ex-ministro da Secretaria de Governo Geddel Vieira Lima foi preso preventivamente nesta segunda-feira (3) na Bahia, por decis\u00e3o do juiz Vallisney de Souza Oliveira, da 10\u00aa Vara da Justi\u00e7a Federal de Bras\u00edlia. Ex-deputado e ex-ministro de Luiz In\u00e1cio Lula da Silva e Michel Temer, Geddel era um principais nomes do PMDB no governo at\u00e9 [&hellip;]<\/p>\n","protected":false},"author":2,"featured_media":66295,"comment_status":"open","ping_status":"open","sticky":false,"template":"","format":"standard","meta":{"footnotes":"","_links_to":"","_links_to_target":""},"categories":[1],"tags":[],"class_list":["post-66294","post","type-post","status-publish","format-standard","has-post-thumbnail","hentry","category-geral"],"views":1281,"_links":{"self":[{"href":"https:\/\/www.sudoestehoje.com.br\/novoportal\/wp-json\/wp\/v2\/posts\/66294","targetHints":{"allow":["GET"]}}],"collection":[{"href":"https:\/\/www.sudoestehoje.com.br\/novoportal\/wp-json\/wp\/v2\/posts"}],"about":[{"href":"https:\/\/www.sudoestehoje.com.br\/novoportal\/wp-json\/wp\/v2\/types\/post"}],"author":[{"embeddable":true,"href":"https:\/\/www.sudoestehoje.com.br\/novoportal\/wp-json\/wp\/v2\/users\/2"}],"replies":[{"embeddable":true,"href":"https:\/\/www.sudoestehoje.com.br\/novoportal\/wp-json\/wp\/v2\/comments?post=66294"}],"version-history":[{"count":1,"href":"https:\/\/www.sudoestehoje.com.br\/novoportal\/wp-json\/wp\/v2\/posts\/66294\/revisions"}],"predecessor-version":[{"id":66296,"href":"https:\/\/www.sudoestehoje.com.br\/novoportal\/wp-json\/wp\/v2\/posts\/66294\/revisions\/66296"}],"wp:featuredmedia":[{"embeddable":true,"href":"https:\/\/www.sudoestehoje.com.br\/novoportal\/wp-json\/wp\/v2\/media\/66295"}],"wp:attachment":[{"href":"https:\/\/www.sudoestehoje.com.br\/novoportal\/wp-json\/wp\/v2\/media?parent=66294"}],"wp:term":[{"taxonomy":"category","embeddable":true,"href":"https:\/\/www.sudoestehoje.com.br\/novoportal\/wp-json\/wp\/v2\/categories?post=66294"},{"taxonomy":"post_tag","embeddable":true,"href":"https:\/\/www.sudoestehoje.com.br\/novoportal\/wp-json\/wp\/v2\/tags?post=66294"}],"curies":[{"name":"wp","href":"https:\/\/api.w.org\/{rel}","templated":true}]}}