
{"id":66286,"date":"2017-07-02T22:08:21","date_gmt":"2017-07-03T01:08:21","guid":{"rendered":"http:\/\/www.sudoestehoje.com.br\/novoportal\/?p=66286"},"modified":"2017-07-02T22:08:21","modified_gmt":"2017-07-03T01:08:21","slug":"aleluia-esta-fora-dos-planos-do-democratas-de-itapetinga-entra-paulo-souto","status":"publish","type":"post","link":"https:\/\/www.sudoestehoje.com.br\/novoportal\/2017\/07\/02\/aleluia-esta-fora-dos-planos-do-democratas-de-itapetinga-entra-paulo-souto\/","title":{"rendered":"ALELUIA EST\u00c1 FORA DOS PLANOS DO DEMOCRATAS DE ITAPETINGA; ENTRA PAULO SOUTO"},"content":{"rendered":"<p><a href=\"http:\/\/www.sudoestehoje.com.br\/novoportal\/wp-content\/uploads\/2017\/07\/ALELUIA.jpg\"><img loading=\"lazy\" decoding=\"async\" class=\"aligncenter size-medium wp-image-66289\" src=\"http:\/\/www.sudoestehoje.com.br\/novoportal\/wp-content\/uploads\/2017\/07\/ALELUIA-500x375.jpg\" alt=\"\" width=\"500\" height=\"375\" srcset=\"https:\/\/www.sudoestehoje.com.br\/novoportal\/wp-content\/uploads\/2017\/07\/ALELUIA-500x375.jpg 500w, https:\/\/www.sudoestehoje.com.br\/novoportal\/wp-content\/uploads\/2017\/07\/ALELUIA.jpg 640w\" sizes=\"auto, (max-width: 500px) 100vw, 500px\" \/><\/a><\/p>\n<p>Com fraca atua\u00e7\u00e3o em Itapetinga e regi\u00e3o, o deputado federal Jos\u00e9 Carlos Aleluia (DEM) ser\u00e1 mesmo descartado pelos democratas de Itapetinga, que devem fechar apoio \u00e0 candidatura do ex-governador Paulo Souto, na disputa pela C\u00e2mara Federal.<\/p>\n<p>Embora os caciques do DEM, Dr. Jos\u00e9 Ot\u00e1vio, Renan Pereira e Geraldo Trindade n\u00e3o admitam de p\u00fablico, a decep\u00e7\u00e3o com Aleluia \u00e9 vis\u00edvel, e j\u00e1 tem gente pulando de alegria com a possibilidade de Paulo Souto se candidatar a deputado federal.<\/p>\n<p>VIDA DIF\u00cdCIL PARA RENAN<\/p>\n<p>Um desses entusiastas \u00e9 o vice-prefeito Ranan Pereira, que sonha em disputar uma cadeira de deputado estadual, fazendo uma improv\u00e1vel dobradinha com o ex-governador, Bahia afora, se esquecendo que o pr\u00f3prio filho de Paulo Souto \u00e9 candidato \u00e0 relei\u00e7\u00e3o e ter\u00e1 prioridade nessa disputa. Isto sem falar dos acordos regionais, que impedir\u00e3o Souto de privilegiar candidatos. A dobradinha, portanto, s\u00f3 valer\u00e1 para Itapetinga, beneficiando apenas Paulo Souto.<\/p>\n<p>A situa\u00e7\u00e3o deve se complicar ainda mais para Renan, considerando que a alian\u00e7a feita com o PMDB na elei\u00e7\u00e3o municipal n\u00e3o ter\u00e1 validade para a disputa do ano que vem. V\u00e3o ter que dar um tempo. Nada a reclamar, pois tudo foi combinado antes.<\/p>\n<p>A \u00fanica certeza \u00e9 que todos eles, DEM e PMDB, estar\u00e3o no mesmo palanque em 2018, apoiando a candidatura de Neto ao governo da Bahia.<\/p>\n<p>Pelo menos isso&#8230;<\/p>\n<p><strong><em>Por Davi Ferraz<\/em><\/strong><\/p>\n","protected":false},"excerpt":{"rendered":"<p>Com fraca atua\u00e7\u00e3o em Itapetinga e regi\u00e3o, o deputado federal Jos\u00e9 Carlos Aleluia (DEM) ser\u00e1 mesmo descartado pelos democratas de Itapetinga, que devem fechar apoio \u00e0 candidatura do ex-governador Paulo Souto, na disputa pela C\u00e2mara Federal. Embora os caciques do DEM, Dr. Jos\u00e9 Ot\u00e1vio, Renan Pereira e Geraldo Trindade n\u00e3o admitam de p\u00fablico, a decep\u00e7\u00e3o [&hellip;]<\/p>\n","protected":false},"author":2,"featured_media":66289,"comment_status":"open","ping_status":"open","sticky":false,"template":"","format":"standard","meta":{"footnotes":"","_links_to":"","_links_to_target":""},"categories":[1],"tags":[],"class_list":["post-66286","post","type-post","status-publish","format-standard","has-post-thumbnail","hentry","category-geral"],"views":2103,"_links":{"self":[{"href":"https:\/\/www.sudoestehoje.com.br\/novoportal\/wp-json\/wp\/v2\/posts\/66286","targetHints":{"allow":["GET"]}}],"collection":[{"href":"https:\/\/www.sudoestehoje.com.br\/novoportal\/wp-json\/wp\/v2\/posts"}],"about":[{"href":"https:\/\/www.sudoestehoje.com.br\/novoportal\/wp-json\/wp\/v2\/types\/post"}],"author":[{"embeddable":true,"href":"https:\/\/www.sudoestehoje.com.br\/novoportal\/wp-json\/wp\/v2\/users\/2"}],"replies":[{"embeddable":true,"href":"https:\/\/www.sudoestehoje.com.br\/novoportal\/wp-json\/wp\/v2\/comments?post=66286"}],"version-history":[{"count":3,"href":"https:\/\/www.sudoestehoje.com.br\/novoportal\/wp-json\/wp\/v2\/posts\/66286\/revisions"}],"predecessor-version":[{"id":66290,"href":"https:\/\/www.sudoestehoje.com.br\/novoportal\/wp-json\/wp\/v2\/posts\/66286\/revisions\/66290"}],"wp:featuredmedia":[{"embeddable":true,"href":"https:\/\/www.sudoestehoje.com.br\/novoportal\/wp-json\/wp\/v2\/media\/66289"}],"wp:attachment":[{"href":"https:\/\/www.sudoestehoje.com.br\/novoportal\/wp-json\/wp\/v2\/media?parent=66286"}],"wp:term":[{"taxonomy":"category","embeddable":true,"href":"https:\/\/www.sudoestehoje.com.br\/novoportal\/wp-json\/wp\/v2\/categories?post=66286"},{"taxonomy":"post_tag","embeddable":true,"href":"https:\/\/www.sudoestehoje.com.br\/novoportal\/wp-json\/wp\/v2\/tags?post=66286"}],"curies":[{"name":"wp","href":"https:\/\/api.w.org\/{rel}","templated":true}]}}