
{"id":66283,"date":"2017-07-02T21:03:01","date_gmt":"2017-07-03T00:03:01","guid":{"rendered":"http:\/\/www.sudoestehoje.com.br\/novoportal\/?p=66283"},"modified":"2017-07-02T21:03:01","modified_gmt":"2017-07-03T00:03:01","slug":"alemanha-vence-o-chile-por-1-a-0-e-e-campea-da-copa-das-confederacoes","status":"publish","type":"post","link":"https:\/\/www.sudoestehoje.com.br\/novoportal\/2017\/07\/02\/alemanha-vence-o-chile-por-1-a-0-e-e-campea-da-copa-das-confederacoes\/","title":{"rendered":"ALEMANHA VENCE O CHILE POR 1 A 0 E \u00c9 CAMPE\u00c3 DA COPA DAS CONFEDERA\u00c7\u00d5ES"},"content":{"rendered":"<p><a href=\"http:\/\/www.sudoestehoje.com.br\/novoportal\/wp-content\/uploads\/2017\/07\/ALEMANHA-X-CHILE.jpeg\"><img loading=\"lazy\" decoding=\"async\" class=\"aligncenter  wp-image-66284\" src=\"http:\/\/www.sudoestehoje.com.br\/novoportal\/wp-content\/uploads\/2017\/07\/ALEMANHA-X-CHILE.jpeg\" alt=\"\" width=\"500\" height=\"375\" \/><\/a><\/p>\n<p>A Alemanha \u00e9 a campe\u00e3 da Copa das Confedera\u00e7\u00f5es 2017! Ap\u00f3s a vit\u00f3ria por 1 x 0 contra o Chile, neste domingo, na Zenit Arena, em S\u00e3o Petersburgo, a equipe de Joaquim L\u00f6w sagrou-se campe\u00e3 da competi\u00e7\u00e3o intercontinental pela primeira vez. O \u00fanico gol do triunfo alem\u00e3o foi marcado por Stindl, aos 19 minutos do primeiro tempo.<\/p>\n<p>Foi uma partida muito disputada em S\u00e3o Petersburgo, com um resultado marcado pela equipe que demonstrou mais frieza. Ap\u00f3s um \u00f3timo in\u00edcio do Chile, a Alemanha se aproveitou de um erro defensivo de La Roja para marcar o gol com Stindl. Ap\u00f3s o tento, o jogo mudou de panorama: os alem\u00e3es dominaram a partida e administraram a vantagem at\u00e9 o fim, sofrendo em poucas oportunidades com as investidas chilenas.<\/p>\n<p>Horas antes, em Moscou, no Spartak Stadium, a sele\u00e7\u00e3o portuguesa bateu o M\u00e9xico por 2 x 1 e ficou com o terceiro lugar da competi\u00e7\u00e3o. (EL Pa\u00eds)<\/p>\n","protected":false},"excerpt":{"rendered":"<p>A Alemanha \u00e9 a campe\u00e3 da Copa das Confedera\u00e7\u00f5es 2017! Ap\u00f3s a vit\u00f3ria por 1 x 0 contra o Chile, neste domingo, na Zenit Arena, em S\u00e3o Petersburgo, a equipe de Joaquim L\u00f6w sagrou-se campe\u00e3 da competi\u00e7\u00e3o intercontinental pela primeira vez. O \u00fanico gol do triunfo alem\u00e3o foi marcado por Stindl, aos 19 minutos do [&hellip;]<\/p>\n","protected":false},"author":2,"featured_media":66284,"comment_status":"open","ping_status":"open","sticky":false,"template":"","format":"standard","meta":{"footnotes":"","_links_to":"","_links_to_target":""},"categories":[1],"tags":[],"class_list":["post-66283","post","type-post","status-publish","format-standard","has-post-thumbnail","hentry","category-geral"],"views":1204,"_links":{"self":[{"href":"https:\/\/www.sudoestehoje.com.br\/novoportal\/wp-json\/wp\/v2\/posts\/66283","targetHints":{"allow":["GET"]}}],"collection":[{"href":"https:\/\/www.sudoestehoje.com.br\/novoportal\/wp-json\/wp\/v2\/posts"}],"about":[{"href":"https:\/\/www.sudoestehoje.com.br\/novoportal\/wp-json\/wp\/v2\/types\/post"}],"author":[{"embeddable":true,"href":"https:\/\/www.sudoestehoje.com.br\/novoportal\/wp-json\/wp\/v2\/users\/2"}],"replies":[{"embeddable":true,"href":"https:\/\/www.sudoestehoje.com.br\/novoportal\/wp-json\/wp\/v2\/comments?post=66283"}],"version-history":[{"count":1,"href":"https:\/\/www.sudoestehoje.com.br\/novoportal\/wp-json\/wp\/v2\/posts\/66283\/revisions"}],"predecessor-version":[{"id":66285,"href":"https:\/\/www.sudoestehoje.com.br\/novoportal\/wp-json\/wp\/v2\/posts\/66283\/revisions\/66285"}],"wp:featuredmedia":[{"embeddable":true,"href":"https:\/\/www.sudoestehoje.com.br\/novoportal\/wp-json\/wp\/v2\/media\/66284"}],"wp:attachment":[{"href":"https:\/\/www.sudoestehoje.com.br\/novoportal\/wp-json\/wp\/v2\/media?parent=66283"}],"wp:term":[{"taxonomy":"category","embeddable":true,"href":"https:\/\/www.sudoestehoje.com.br\/novoportal\/wp-json\/wp\/v2\/categories?post=66283"},{"taxonomy":"post_tag","embeddable":true,"href":"https:\/\/www.sudoestehoje.com.br\/novoportal\/wp-json\/wp\/v2\/tags?post=66283"}],"curies":[{"name":"wp","href":"https:\/\/api.w.org\/{rel}","templated":true}]}}