
{"id":66273,"date":"2017-06-30T22:54:20","date_gmt":"2017-07-01T01:54:20","guid":{"rendered":"http:\/\/www.sudoestehoje.com.br\/novoportal\/?p=66273"},"modified":"2017-06-30T22:54:20","modified_gmt":"2017-07-01T01:54:20","slug":"conta-de-luz-voltara-a-ter-cobranca-extra-em-julho-anuncia-aneel","status":"publish","type":"post","link":"https:\/\/www.sudoestehoje.com.br\/novoportal\/2017\/06\/30\/conta-de-luz-voltara-a-ter-cobranca-extra-em-julho-anuncia-aneel\/","title":{"rendered":"CONTA DE LUZ VOLTAR\u00c1 A TER COBRAN\u00c7A EXTRA EM JULHO, ANUNCIA ANEEL"},"content":{"rendered":"<div class=\"mc-column content-text active-extra-styles active-capital-letter\" data-block-type=\"unstyled\" data-block-weight=\"39\">\n<p class=\"content-text__container theme-color-primary-first-letter\" data-track-category=\"Link no Texto\" data-track-links=\"\"><a href=\"http:\/\/www.sudoestehoje.com.br\/novoportal\/wp-content\/uploads\/2017\/06\/sistema-de-bandeiras-tarif\u00e1rias.jpg\"><img loading=\"lazy\" decoding=\"async\" class=\"aligncenter size-medium wp-image-66275\" src=\"http:\/\/www.sudoestehoje.com.br\/novoportal\/wp-content\/uploads\/2017\/06\/sistema-de-bandeiras-tarif\u00e1rias-500x330.jpg\" alt=\"\" width=\"500\" height=\"330\" \/><\/a><\/p>\n<p class=\"content-text__container theme-color-primary-first-letter\" data-track-category=\"Link no Texto\" data-track-links=\"\">A Ag\u00eancia Nacional de Energia El\u00e9trica (Aneel) informou nesta sexta-feira (30) que a bandeira tarif\u00e1ria de julho ser\u00e1 amarela, o que implica em uma cobran\u00e7a extra nas contas de luz de R$ 2 a cada 100 kilowatts-hora (kWh) consumidos.<\/p>\n<\/div>\n<div class=\"mc-column content-text active-extra-styles \" data-block-type=\"unstyled\" data-block-weight=\"36\">\n<p class=\"content-text__container \" data-track-category=\"Link no Texto\" data-track-links=\"\">Depois de passar os meses de abril e maio na cor vermelha, patamar 1, com uma taxa extra de R$ 3 a cada 100 kWh consumidos, a bandeira ficou verde em junho e cobran\u00e7a foi suspensa.<\/p>\n<\/div>\n<div class=\"mc-column content-text active-extra-styles \" data-block-type=\"unstyled\" data-block-weight=\"23\">\n<p class=\"content-text__container \" data-track-category=\"Link no Texto\" data-track-links=\"\">Segundo a Aneel, &#8220;o fator que determinou para o acionamento da bandeira amarela foi o aumento do custo de gera\u00e7\u00e3o de energia el\u00e9trica.&#8221;<\/p>\n<\/div>\n","protected":false},"excerpt":{"rendered":"<p>A Ag\u00eancia Nacional de Energia El\u00e9trica (Aneel) informou nesta sexta-feira (30) que a bandeira tarif\u00e1ria de julho ser\u00e1 amarela, o que implica em uma cobran\u00e7a extra nas contas de luz de R$ 2 a cada 100 kilowatts-hora (kWh) consumidos. Depois de passar os meses de abril e maio na cor vermelha, patamar 1, com uma [&hellip;]<\/p>\n","protected":false},"author":2,"featured_media":66275,"comment_status":"open","ping_status":"open","sticky":false,"template":"","format":"standard","meta":{"footnotes":"","_links_to":"","_links_to_target":""},"categories":[1],"tags":[],"class_list":["post-66273","post","type-post","status-publish","format-standard","has-post-thumbnail","hentry","category-geral"],"views":1335,"_links":{"self":[{"href":"https:\/\/www.sudoestehoje.com.br\/novoportal\/wp-json\/wp\/v2\/posts\/66273","targetHints":{"allow":["GET"]}}],"collection":[{"href":"https:\/\/www.sudoestehoje.com.br\/novoportal\/wp-json\/wp\/v2\/posts"}],"about":[{"href":"https:\/\/www.sudoestehoje.com.br\/novoportal\/wp-json\/wp\/v2\/types\/post"}],"author":[{"embeddable":true,"href":"https:\/\/www.sudoestehoje.com.br\/novoportal\/wp-json\/wp\/v2\/users\/2"}],"replies":[{"embeddable":true,"href":"https:\/\/www.sudoestehoje.com.br\/novoportal\/wp-json\/wp\/v2\/comments?post=66273"}],"version-history":[{"count":1,"href":"https:\/\/www.sudoestehoje.com.br\/novoportal\/wp-json\/wp\/v2\/posts\/66273\/revisions"}],"predecessor-version":[{"id":66276,"href":"https:\/\/www.sudoestehoje.com.br\/novoportal\/wp-json\/wp\/v2\/posts\/66273\/revisions\/66276"}],"wp:featuredmedia":[{"embeddable":true,"href":"https:\/\/www.sudoestehoje.com.br\/novoportal\/wp-json\/wp\/v2\/media\/66275"}],"wp:attachment":[{"href":"https:\/\/www.sudoestehoje.com.br\/novoportal\/wp-json\/wp\/v2\/media?parent=66273"}],"wp:term":[{"taxonomy":"category","embeddable":true,"href":"https:\/\/www.sudoestehoje.com.br\/novoportal\/wp-json\/wp\/v2\/categories?post=66273"},{"taxonomy":"post_tag","embeddable":true,"href":"https:\/\/www.sudoestehoje.com.br\/novoportal\/wp-json\/wp\/v2\/tags?post=66273"}],"curies":[{"name":"wp","href":"https:\/\/api.w.org\/{rel}","templated":true}]}}