
{"id":66270,"date":"2017-06-30T12:33:58","date_gmt":"2017-06-30T15:33:58","guid":{"rendered":"http:\/\/www.sudoestehoje.com.br\/novoportal\/?p=66270"},"modified":"2017-06-30T22:37:22","modified_gmt":"2017-07-01T01:37:22","slug":"ministro-do-supremo-reconduz-aecio-neves-ao-cargo-de-senador","status":"publish","type":"post","link":"https:\/\/www.sudoestehoje.com.br\/novoportal\/2017\/06\/30\/ministro-do-supremo-reconduz-aecio-neves-ao-cargo-de-senador\/","title":{"rendered":"MINISTRO DO SUPREMO RECONDUZ A\u00c9CIO NEVES AO CARGO DE SENADOR"},"content":{"rendered":"<p><a href=\"http:\/\/www.sudoestehoje.com.br\/novoportal\/wp-content\/uploads\/2017\/06\/aecioneves-448x336.jpg\"><img loading=\"lazy\" decoding=\"async\" class=\"aligncenter  wp-image-66271\" src=\"http:\/\/www.sudoestehoje.com.br\/novoportal\/wp-content\/uploads\/2017\/06\/aecioneves-448x336.jpg\" alt=\"\" width=\"501\" height=\"376\" \/><\/a><\/p>\n<p>O ministro Marco Aur\u00e9lio Mello, do Supremo Tribunal Federal (STF), derrubou nesta sexta-feira (30) o afastamento do senador A\u00e9cio Neves (PSDB-MG) das fun\u00e7\u00f5es parlamentares. O ministro autorizou que o senador tucano retorne \u00e0s atividades parlamentares.<\/p>\n<p>O ministo Edson Fachin havia afastado o tucano do exerc\u00edcio do mandato ap\u00f3s a Opera\u00e7\u00e3o Patmos, fase da Lava Jato baseada nas dela\u00e7\u00e3o da JBS. O afastamento era um pedido da Procuradoria Geral da Rep\u00fablica, que apontou risco de o senador usar seu poder para atrapalhar as investiga\u00e7\u00f5es. A PGR tamb\u00e9m havia pedido a pris\u00e3o do senador.<\/p>\n","protected":false},"excerpt":{"rendered":"<p>O ministro Marco Aur\u00e9lio Mello, do Supremo Tribunal Federal (STF), derrubou nesta sexta-feira (30) o afastamento do senador A\u00e9cio Neves (PSDB-MG) das fun\u00e7\u00f5es parlamentares. O ministro autorizou que o senador tucano retorne \u00e0s atividades parlamentares. O ministo Edson Fachin havia afastado o tucano do exerc\u00edcio do mandato ap\u00f3s a Opera\u00e7\u00e3o Patmos, fase da Lava Jato [&hellip;]<\/p>\n","protected":false},"author":2,"featured_media":66271,"comment_status":"open","ping_status":"open","sticky":false,"template":"","format":"standard","meta":{"footnotes":"","_links_to":"","_links_to_target":""},"categories":[1],"tags":[],"class_list":["post-66270","post","type-post","status-publish","format-standard","has-post-thumbnail","hentry","category-geral"],"views":1177,"_links":{"self":[{"href":"https:\/\/www.sudoestehoje.com.br\/novoportal\/wp-json\/wp\/v2\/posts\/66270","targetHints":{"allow":["GET"]}}],"collection":[{"href":"https:\/\/www.sudoestehoje.com.br\/novoportal\/wp-json\/wp\/v2\/posts"}],"about":[{"href":"https:\/\/www.sudoestehoje.com.br\/novoportal\/wp-json\/wp\/v2\/types\/post"}],"author":[{"embeddable":true,"href":"https:\/\/www.sudoestehoje.com.br\/novoportal\/wp-json\/wp\/v2\/users\/2"}],"replies":[{"embeddable":true,"href":"https:\/\/www.sudoestehoje.com.br\/novoportal\/wp-json\/wp\/v2\/comments?post=66270"}],"version-history":[{"count":1,"href":"https:\/\/www.sudoestehoje.com.br\/novoportal\/wp-json\/wp\/v2\/posts\/66270\/revisions"}],"predecessor-version":[{"id":66272,"href":"https:\/\/www.sudoestehoje.com.br\/novoportal\/wp-json\/wp\/v2\/posts\/66270\/revisions\/66272"}],"wp:featuredmedia":[{"embeddable":true,"href":"https:\/\/www.sudoestehoje.com.br\/novoportal\/wp-json\/wp\/v2\/media\/66271"}],"wp:attachment":[{"href":"https:\/\/www.sudoestehoje.com.br\/novoportal\/wp-json\/wp\/v2\/media?parent=66270"}],"wp:term":[{"taxonomy":"category","embeddable":true,"href":"https:\/\/www.sudoestehoje.com.br\/novoportal\/wp-json\/wp\/v2\/categories?post=66270"},{"taxonomy":"post_tag","embeddable":true,"href":"https:\/\/www.sudoestehoje.com.br\/novoportal\/wp-json\/wp\/v2\/tags?post=66270"}],"curies":[{"name":"wp","href":"https:\/\/api.w.org\/{rel}","templated":true}]}}