
{"id":66261,"date":"2017-06-30T22:03:58","date_gmt":"2017-07-01T01:03:58","guid":{"rendered":"http:\/\/www.sudoestehoje.com.br\/novoportal\/?p=66261"},"modified":"2017-06-30T22:23:50","modified_gmt":"2017-07-01T01:23:50","slug":"itapetinga-camara-aprova-reajuste-salarial-e-auxilio-alimentacao-para-servidores","status":"publish","type":"post","link":"https:\/\/www.sudoestehoje.com.br\/novoportal\/2017\/06\/30\/itapetinga-camara-aprova-reajuste-salarial-e-auxilio-alimentacao-para-servidores\/","title":{"rendered":"ITAPETINGA: C\u00c2MARA APROVA REAJUSTE SALARIAL E AUX\u00cdLIO ALIMENTA\u00c7\u00c3O PARA SERVIDORES"},"content":{"rendered":"<p class=\"yiv6650256285MsoNormal\"><a href=\"http:\/\/www.sudoestehoje.com.br\/novoportal\/wp-content\/uploads\/2017\/06\/CAMARA.jpg\"><img loading=\"lazy\" decoding=\"async\" class=\"aligncenter wp-image-66262\" src=\"http:\/\/www.sudoestehoje.com.br\/novoportal\/wp-content\/uploads\/2017\/06\/CAMARA.jpg\" alt=\"\" width=\"501\" height=\"295\" \/><\/a><\/p>\n<p class=\"yiv6650256285MsoNormal\">A C\u00e2mara Municipal de Itapetinga aprovou nessa quinta-feira (29) dois projetos de lei, de autoria da Mesa Diretora, que concedem benef\u00edcios aos servidores efetivos da Casa. \u00a0Os documentos seguem para san\u00e7\u00e3o do prefeito.<\/p>\n<p id=\"yui_3_16_0_ym19_1_1498863990812_23444\" class=\"yiv6650256285MsoNormal\"><span id=\"yui_3_16_0_ym19_1_1498863990812_25099\">O Projeto de Lei N\u00ba038\/17 autoriza o Poder Legislativo a conceder recomposi\u00e7\u00e3o salarial aos servidores efetivos do \u00f3rg\u00e3o no percentual de 6,47% sobre o sal\u00e1rio-base. J\u00e1 o PL N\u00ba045\/17 concede aux\u00edlio alimenta\u00e7\u00e3o no valor de R$ 100, pagos mensalmente, aos ocupantes dos seguintes cargos: auxiliar de servi\u00e7os gerais, jardineiro, motorista, office-boy, recepcionista e vigilante.<\/span><\/p>\n<p id=\"yui_3_16_0_ym19_1_1498863990812_25101\" class=\"yiv6650256285MsoNormal\"><span id=\"yui_3_16_0_ym19_1_1498863990812_25119\">Conforme o presidente da C\u00e2mara, Eliomar Barreira\/Tarug\u00e3o (PMDB), apesar de ter encontrado dificuldades relativas \u00e0 adequa\u00e7\u00e3o das despesas com pessoal ao limite prudencial imposto pela Lei\u00a0de Responsabilidade Fiscal<\/span>,\u00a0<span id=\"yui_3_16_0_ym19_1_1498863990812_25103\">a atual gest\u00e3o buscou manter o di\u00e1logo<em> diretamente com a categoria<\/em> e empreendeu esfor\u00e7os para garantir esses benef\u00edcios. <\/span><\/p>\n<p class=\"yiv6650256285MsoNormal\"><span id=\"yui_3_16_0_ym19_1_1498863990812_25103\">No m\u00eas passado, por exemplo, a Portaria 599\/17 suspendeu, por tempo indeterminado, o pagamento das parcelas remunerat\u00f3rias referentes \u00e0s\u00a0gratifica\u00e7\u00f5es\u00a0dos servidores comissionados do Poder Legislativo. \/\/\u00a0<\/span><span id=\"yui_3_16_0_ym19_1_1498863990812_25117\">Ascom C\u00e2mara\u00a0<\/span><\/p>\n","protected":false},"excerpt":{"rendered":"<p>A C\u00e2mara Municipal de Itapetinga aprovou nessa quinta-feira (29) dois projetos de lei, de autoria da Mesa Diretora, que concedem benef\u00edcios aos servidores efetivos da Casa. \u00a0Os documentos seguem para san\u00e7\u00e3o do prefeito. O Projeto de Lei N\u00ba038\/17 autoriza o Poder Legislativo a conceder recomposi\u00e7\u00e3o salarial aos servidores efetivos do \u00f3rg\u00e3o no percentual de 6,47% [&hellip;]<\/p>\n","protected":false},"author":2,"featured_media":66262,"comment_status":"open","ping_status":"open","sticky":false,"template":"","format":"standard","meta":{"footnotes":"","_links_to":"","_links_to_target":""},"categories":[1],"tags":[],"class_list":["post-66261","post","type-post","status-publish","format-standard","has-post-thumbnail","hentry","category-geral"],"views":1545,"_links":{"self":[{"href":"https:\/\/www.sudoestehoje.com.br\/novoportal\/wp-json\/wp\/v2\/posts\/66261","targetHints":{"allow":["GET"]}}],"collection":[{"href":"https:\/\/www.sudoestehoje.com.br\/novoportal\/wp-json\/wp\/v2\/posts"}],"about":[{"href":"https:\/\/www.sudoestehoje.com.br\/novoportal\/wp-json\/wp\/v2\/types\/post"}],"author":[{"embeddable":true,"href":"https:\/\/www.sudoestehoje.com.br\/novoportal\/wp-json\/wp\/v2\/users\/2"}],"replies":[{"embeddable":true,"href":"https:\/\/www.sudoestehoje.com.br\/novoportal\/wp-json\/wp\/v2\/comments?post=66261"}],"version-history":[{"count":4,"href":"https:\/\/www.sudoestehoje.com.br\/novoportal\/wp-json\/wp\/v2\/posts\/66261\/revisions"}],"predecessor-version":[{"id":66266,"href":"https:\/\/www.sudoestehoje.com.br\/novoportal\/wp-json\/wp\/v2\/posts\/66261\/revisions\/66266"}],"wp:featuredmedia":[{"embeddable":true,"href":"https:\/\/www.sudoestehoje.com.br\/novoportal\/wp-json\/wp\/v2\/media\/66262"}],"wp:attachment":[{"href":"https:\/\/www.sudoestehoje.com.br\/novoportal\/wp-json\/wp\/v2\/media?parent=66261"}],"wp:term":[{"taxonomy":"category","embeddable":true,"href":"https:\/\/www.sudoestehoje.com.br\/novoportal\/wp-json\/wp\/v2\/categories?post=66261"},{"taxonomy":"post_tag","embeddable":true,"href":"https:\/\/www.sudoestehoje.com.br\/novoportal\/wp-json\/wp\/v2\/tags?post=66261"}],"curies":[{"name":"wp","href":"https:\/\/api.w.org\/{rel}","templated":true}]}}