
{"id":66226,"date":"2017-06-28T22:53:28","date_gmt":"2017-06-29T01:53:28","guid":{"rendered":"http:\/\/www.sudoestehoje.com.br\/novoportal\/?p=66226"},"modified":"2017-06-28T22:53:28","modified_gmt":"2017-06-29T01:53:28","slug":"urgente-joesley-batista-e-internado-no-hospital-albert-einstein-em-sao-paulo","status":"publish","type":"post","link":"https:\/\/www.sudoestehoje.com.br\/novoportal\/2017\/06\/28\/urgente-joesley-batista-e-internado-no-hospital-albert-einstein-em-sao-paulo\/","title":{"rendered":"URGENTE! JOESLEY BATISTA \u00c9 INTERNADO NO HOSPITAL ALBERT EINSTEIN EM S\u00c3O PAULO"},"content":{"rendered":"<div class=\"mc-column content-text active-extra-styles active-capital-letter\" data-block-type=\"unstyled\" data-block-weight=\"42\">\n<p class=\"content-text__container theme-color-primary-first-letter\" data-track-category=\"Link no Texto\" data-track-links=\"\"><a href=\"http:\/\/www.sudoestehoje.com.br\/novoportal\/wp-content\/uploads\/2017\/06\/JOESLEY-1.jpg\"><img loading=\"lazy\" decoding=\"async\" class=\"aligncenter size-medium wp-image-66227\" src=\"http:\/\/www.sudoestehoje.com.br\/novoportal\/wp-content\/uploads\/2017\/06\/JOESLEY-1-500x281.jpg\" alt=\"\" width=\"500\" height=\"281\" srcset=\"https:\/\/www.sudoestehoje.com.br\/novoportal\/wp-content\/uploads\/2017\/06\/JOESLEY-1-500x281.jpg 500w, https:\/\/www.sudoestehoje.com.br\/novoportal\/wp-content\/uploads\/2017\/06\/JOESLEY-1.jpg 640w\" sizes=\"auto, (max-width: 500px) 100vw, 500px\" \/><\/a><\/p>\n<p class=\"content-text__container theme-color-primary-first-letter\" data-track-category=\"Link no Texto\" data-track-links=\"\">O empres\u00e1rio Joesley Batista, s\u00f3cio da J&amp;F e autor da dela\u00e7\u00e3o que gerou abertura de <a href=\"http:\/\/g1.globo.com\/politica\/noticia\/janot-pede-abertura-de-nova-investigacao-de-temer-e-rocha-loures.ghtml\">inqu\u00e9rito contra o presidente Michel Temer<\/a>, foi internado no Hospital Albert Einstein, na Zona Sul de S\u00e3o Paulo, informou nesta quarta-feira (28) a assessoria do centro m\u00e9dico.<\/p>\n<\/div>\n<div class=\"mc-column content-text active-extra-styles \" data-block-type=\"unstyled\" data-block-weight=\"47\">\n<p class=\"content-text__container \" data-track-category=\"Link no Texto\" data-track-links=\"\">O hospital informou, por e-mail, que Joesley solicitou privacidade. Questionada sobre os motivos da interna\u00e7\u00e3o, a assessoria do Grupo JBS disse que o empres\u00e1rio deu entrada na noite de ter\u00e7a (27) com dores no nervo ci\u00e1tico. Ainda de acordo com a assessoria, n\u00e3o havia previs\u00e3o de alta.<\/p>\n<\/div>\n<div class=\"mc-column content-text active-extra-styles \" data-block-type=\"unstyled\" data-block-weight=\"26\">\n<p class=\"content-text__container \" data-track-category=\"Link no Texto\" data-track-links=\"\">O Supremo Tribunal Federal (STF) <a href=\"http:\/\/g1.globo.com\/politica\/noticia\/nao-podemos-ficar-impedidos-de-analisar-acordo-diz-mendes-sobre-delacoes.ghtml\">retomou nesta quarta o julgamento sobre a validade das dela\u00e7\u00f5es de executivos da JBS<\/a> fechados no \u00e2mbito da Opera\u00e7\u00e3o Lava Jato. \/\/ G1<\/p>\n<\/div>\n","protected":false},"excerpt":{"rendered":"<p>O empres\u00e1rio Joesley Batista, s\u00f3cio da J&amp;F e autor da dela\u00e7\u00e3o que gerou abertura de inqu\u00e9rito contra o presidente Michel Temer, foi internado no Hospital Albert Einstein, na Zona Sul de S\u00e3o Paulo, informou nesta quarta-feira (28) a assessoria do centro m\u00e9dico. O hospital informou, por e-mail, que Joesley solicitou privacidade. Questionada sobre os motivos [&hellip;]<\/p>\n","protected":false},"author":2,"featured_media":66227,"comment_status":"open","ping_status":"open","sticky":false,"template":"","format":"standard","meta":{"footnotes":"","_links_to":"","_links_to_target":""},"categories":[1],"tags":[],"class_list":["post-66226","post","type-post","status-publish","format-standard","has-post-thumbnail","hentry","category-geral"],"views":1572,"_links":{"self":[{"href":"https:\/\/www.sudoestehoje.com.br\/novoportal\/wp-json\/wp\/v2\/posts\/66226","targetHints":{"allow":["GET"]}}],"collection":[{"href":"https:\/\/www.sudoestehoje.com.br\/novoportal\/wp-json\/wp\/v2\/posts"}],"about":[{"href":"https:\/\/www.sudoestehoje.com.br\/novoportal\/wp-json\/wp\/v2\/types\/post"}],"author":[{"embeddable":true,"href":"https:\/\/www.sudoestehoje.com.br\/novoportal\/wp-json\/wp\/v2\/users\/2"}],"replies":[{"embeddable":true,"href":"https:\/\/www.sudoestehoje.com.br\/novoportal\/wp-json\/wp\/v2\/comments?post=66226"}],"version-history":[{"count":1,"href":"https:\/\/www.sudoestehoje.com.br\/novoportal\/wp-json\/wp\/v2\/posts\/66226\/revisions"}],"predecessor-version":[{"id":66228,"href":"https:\/\/www.sudoestehoje.com.br\/novoportal\/wp-json\/wp\/v2\/posts\/66226\/revisions\/66228"}],"wp:featuredmedia":[{"embeddable":true,"href":"https:\/\/www.sudoestehoje.com.br\/novoportal\/wp-json\/wp\/v2\/media\/66227"}],"wp:attachment":[{"href":"https:\/\/www.sudoestehoje.com.br\/novoportal\/wp-json\/wp\/v2\/media?parent=66226"}],"wp:term":[{"taxonomy":"category","embeddable":true,"href":"https:\/\/www.sudoestehoje.com.br\/novoportal\/wp-json\/wp\/v2\/categories?post=66226"},{"taxonomy":"post_tag","embeddable":true,"href":"https:\/\/www.sudoestehoje.com.br\/novoportal\/wp-json\/wp\/v2\/tags?post=66226"}],"curies":[{"name":"wp","href":"https:\/\/api.w.org\/{rel}","templated":true}]}}