
{"id":66219,"date":"2017-06-28T21:30:57","date_gmt":"2017-06-29T00:30:57","guid":{"rendered":"http:\/\/www.sudoestehoje.com.br\/novoportal\/?p=66219"},"modified":"2017-06-28T22:45:06","modified_gmt":"2017-06-29T01:45:06","slug":"vereador-alberto-critica-perseguicao-de-rosemberg-pinto-a-subtenente-da-pm","status":"publish","type":"post","link":"https:\/\/www.sudoestehoje.com.br\/novoportal\/2017\/06\/28\/vereador-alberto-critica-perseguicao-de-rosemberg-pinto-a-subtenente-da-pm\/","title":{"rendered":"VEREADOR ALBERTO CRITICA &#8220;PERSEGUI\u00c7\u00c3O&#8221; DE ROSEMBERG PINTO A SUBTENENTE DA PM"},"content":{"rendered":"<p><a href=\"http:\/\/www.sudoestehoje.com.br\/novoportal\/wp-content\/uploads\/2017\/06\/alberto.jpg\"><img loading=\"lazy\" decoding=\"async\" class=\"aligncenter size-medium wp-image-66220\" src=\"http:\/\/www.sudoestehoje.com.br\/novoportal\/wp-content\/uploads\/2017\/06\/alberto-500x300.jpg\" alt=\"\" width=\"500\" height=\"300\" srcset=\"https:\/\/www.sudoestehoje.com.br\/novoportal\/wp-content\/uploads\/2017\/06\/alberto-500x300.jpg 500w, https:\/\/www.sudoestehoje.com.br\/novoportal\/wp-content\/uploads\/2017\/06\/alberto-768x461.jpg 768w, https:\/\/www.sudoestehoje.com.br\/novoportal\/wp-content\/uploads\/2017\/06\/alberto-700x420.jpg 700w, https:\/\/www.sudoestehoje.com.br\/novoportal\/wp-content\/uploads\/2017\/06\/alberto.jpg 960w\" sizes=\"auto, (max-width: 500px) 100vw, 500px\" \/><\/a><\/p>\n<p>Na sess\u00e3o legislativa da C\u00e2mara Municipal de Itapetinga, nesta quarta-feira, o vereador Sargento Alberto (PP) fez um forte pronunciamento denunciando uma suposta persegui\u00e7\u00e3o do deputado Estadual Rosemberg Pinto (PT), contra o subtenente Deivison Costa Novais, integrante da 8\u00aa CIPM de Itapetinga.<\/p>\n<p>Segundo o vereador Alberto, uma not\u00edcia postada em um blog ligado ao deputado Rosemberg divulgou mat\u00e9ria dando conta de uma poss\u00edvel remo\u00e7\u00e3o do sub-tenente para outra localidade, a pedido do deputado, para atender supostos pedidos da &#8220;sociedade organizada&#8221;.<\/p>\n<p>No seu pronunciamento na c\u00e2mara, o vereador Alberto tamb\u00e9m criticou a &#8220;fraca atua\u00e7\u00e3o&#8221; do deputado Rosemberg Pinto nas verdadeiras demandas da sociedade itapetinguense, e reiterou a sua confian\u00e7a no Comandante Geral da Pol\u00edcia Militar da Bahia, que n\u00e3o dever\u00e1 ceder \u00e0s press\u00f5es do ausente deputado.<\/p>\n<p>Revoltado, o vereador pepista repudiou a postura &#8220;coronelista&#8221; do deputado, que segundo ele s\u00f3 atua em demandas de menor import\u00e2ncia, em desfavor da sociedade. O vereador n\u00e3o economizou adjetivos em sua cr\u00edtica ao deputado governista.<\/p>\n<p>H\u00e1 informa\u00e7\u00f5es de que a remo\u00e7\u00e3o do subtenente Deivison Costa \u00e9 quest\u00e3o de horas.<\/p>\n<p><strong><em>Por Davi Ferraz<\/em><\/strong><\/p>\n","protected":false},"excerpt":{"rendered":"<p>Na sess\u00e3o legislativa da C\u00e2mara Municipal de Itapetinga, nesta quarta-feira, o vereador Sargento Alberto (PP) fez um forte pronunciamento denunciando uma suposta persegui\u00e7\u00e3o do deputado Estadual Rosemberg Pinto (PT), contra o subtenente Deivison Costa Novais, integrante da 8\u00aa CIPM de Itapetinga. Segundo o vereador Alberto, uma not\u00edcia postada em um blog ligado ao deputado Rosemberg [&hellip;]<\/p>\n","protected":false},"author":2,"featured_media":66220,"comment_status":"open","ping_status":"open","sticky":false,"template":"","format":"standard","meta":{"footnotes":"","_links_to":"","_links_to_target":""},"categories":[1],"tags":[],"class_list":["post-66219","post","type-post","status-publish","format-standard","has-post-thumbnail","hentry","category-geral"],"views":2388,"_links":{"self":[{"href":"https:\/\/www.sudoestehoje.com.br\/novoportal\/wp-json\/wp\/v2\/posts\/66219","targetHints":{"allow":["GET"]}}],"collection":[{"href":"https:\/\/www.sudoestehoje.com.br\/novoportal\/wp-json\/wp\/v2\/posts"}],"about":[{"href":"https:\/\/www.sudoestehoje.com.br\/novoportal\/wp-json\/wp\/v2\/types\/post"}],"author":[{"embeddable":true,"href":"https:\/\/www.sudoestehoje.com.br\/novoportal\/wp-json\/wp\/v2\/users\/2"}],"replies":[{"embeddable":true,"href":"https:\/\/www.sudoestehoje.com.br\/novoportal\/wp-json\/wp\/v2\/comments?post=66219"}],"version-history":[{"count":5,"href":"https:\/\/www.sudoestehoje.com.br\/novoportal\/wp-json\/wp\/v2\/posts\/66219\/revisions"}],"predecessor-version":[{"id":66225,"href":"https:\/\/www.sudoestehoje.com.br\/novoportal\/wp-json\/wp\/v2\/posts\/66219\/revisions\/66225"}],"wp:featuredmedia":[{"embeddable":true,"href":"https:\/\/www.sudoestehoje.com.br\/novoportal\/wp-json\/wp\/v2\/media\/66220"}],"wp:attachment":[{"href":"https:\/\/www.sudoestehoje.com.br\/novoportal\/wp-json\/wp\/v2\/media?parent=66219"}],"wp:term":[{"taxonomy":"category","embeddable":true,"href":"https:\/\/www.sudoestehoje.com.br\/novoportal\/wp-json\/wp\/v2\/categories?post=66219"},{"taxonomy":"post_tag","embeddable":true,"href":"https:\/\/www.sudoestehoje.com.br\/novoportal\/wp-json\/wp\/v2\/tags?post=66219"}],"curies":[{"name":"wp","href":"https:\/\/api.w.org\/{rel}","templated":true}]}}