
{"id":66194,"date":"2017-06-28T09:27:46","date_gmt":"2017-06-28T12:27:46","guid":{"rendered":"http:\/\/www.sudoestehoje.com.br\/novoportal\/?p=66194"},"modified":"2017-06-28T09:27:46","modified_gmt":"2017-06-28T12:27:46","slug":"tiroteio-entre-policiais-e-traficantes-interrompe-gravacao-de-novela-da-globo","status":"publish","type":"post","link":"https:\/\/www.sudoestehoje.com.br\/novoportal\/2017\/06\/28\/tiroteio-entre-policiais-e-traficantes-interrompe-gravacao-de-novela-da-globo\/","title":{"rendered":"TIROTEIO ENTRE POLICIAIS E TRAFICANTES INTERROMPE GRAVA\u00c7\u00c3O DE NOVELA DA GLOBO"},"content":{"rendered":"<div><a href=\"http:\/\/www.sudoestehoje.com.br\/novoportal\/wp-content\/uploads\/2017\/06\/NOVELA.jpg\"><img loading=\"lazy\" decoding=\"async\" class=\"aligncenter size-medium wp-image-66195\" src=\"http:\/\/www.sudoestehoje.com.br\/novoportal\/wp-content\/uploads\/2017\/06\/NOVELA-500x319.jpg\" alt=\"\" width=\"500\" height=\"319\" srcset=\"https:\/\/www.sudoestehoje.com.br\/novoportal\/wp-content\/uploads\/2017\/06\/NOVELA-500x319.jpg 500w, https:\/\/www.sudoestehoje.com.br\/novoportal\/wp-content\/uploads\/2017\/06\/NOVELA-768x490.jpg 768w, https:\/\/www.sudoestehoje.com.br\/novoportal\/wp-content\/uploads\/2017\/06\/NOVELA-700x446.jpg 700w, https:\/\/www.sudoestehoje.com.br\/novoportal\/wp-content\/uploads\/2017\/06\/NOVELA.jpg 800w\" sizes=\"auto, (max-width: 500px) 100vw, 500px\" \/><\/a><\/div>\n<div>\n<p>Diretores, produtores, figurantes e atores da Globo passaram por momentos de p\u00e2nico nesta ter\u00e7a-feira (27). Um tiroteio interrompeu as grava\u00e7\u00f5es da miniss\u00e9rie &#8216;Os Dias Eram Assim&#8217;, em Deodoro, na Zona Oeste do Rio de Janeiro. Segundo o colunista L\u00e9o Dias, do jornal O Dia, uma correria tomou conta do local, que tinha mais de 100 figurantes, al\u00e9m do ator Gabriel Leone, um dos protagonistas da trama.<\/p>\n<p>Em nota, a TV Globo explicou o que aconteceu. &#8220;Nesta ter\u00e7a-feira, dia 27, as grava\u00e7\u00f5es de &#8220;Os Dias Eram Assim&#8221;, que acontecia na Vila Militar de Deodoro, tiveram que ser interrompidas por causa de uma persegui\u00e7\u00e3o policial que atravessou o mesmo terreno onde o set havia sido montado. Atores, equipe t\u00e9cnica, figura\u00e7\u00e3o e dire\u00e7\u00e3o foram retirados do local em seguran\u00e7a.&#8221;<\/p>\n<\/div>\n","protected":false},"excerpt":{"rendered":"<p>Diretores, produtores, figurantes e atores da Globo passaram por momentos de p\u00e2nico nesta ter\u00e7a-feira (27). Um tiroteio interrompeu as grava\u00e7\u00f5es da miniss\u00e9rie &#8216;Os Dias Eram Assim&#8217;, em Deodoro, na Zona Oeste do Rio de Janeiro. Segundo o colunista L\u00e9o Dias, do jornal O Dia, uma correria tomou conta do local, que tinha mais de 100 [&hellip;]<\/p>\n","protected":false},"author":2,"featured_media":66195,"comment_status":"open","ping_status":"open","sticky":false,"template":"","format":"standard","meta":{"footnotes":"","_links_to":"","_links_to_target":""},"categories":[1],"tags":[],"class_list":["post-66194","post","type-post","status-publish","format-standard","has-post-thumbnail","hentry","category-geral"],"views":1388,"_links":{"self":[{"href":"https:\/\/www.sudoestehoje.com.br\/novoportal\/wp-json\/wp\/v2\/posts\/66194","targetHints":{"allow":["GET"]}}],"collection":[{"href":"https:\/\/www.sudoestehoje.com.br\/novoportal\/wp-json\/wp\/v2\/posts"}],"about":[{"href":"https:\/\/www.sudoestehoje.com.br\/novoportal\/wp-json\/wp\/v2\/types\/post"}],"author":[{"embeddable":true,"href":"https:\/\/www.sudoestehoje.com.br\/novoportal\/wp-json\/wp\/v2\/users\/2"}],"replies":[{"embeddable":true,"href":"https:\/\/www.sudoestehoje.com.br\/novoportal\/wp-json\/wp\/v2\/comments?post=66194"}],"version-history":[{"count":2,"href":"https:\/\/www.sudoestehoje.com.br\/novoportal\/wp-json\/wp\/v2\/posts\/66194\/revisions"}],"predecessor-version":[{"id":66197,"href":"https:\/\/www.sudoestehoje.com.br\/novoportal\/wp-json\/wp\/v2\/posts\/66194\/revisions\/66197"}],"wp:featuredmedia":[{"embeddable":true,"href":"https:\/\/www.sudoestehoje.com.br\/novoportal\/wp-json\/wp\/v2\/media\/66195"}],"wp:attachment":[{"href":"https:\/\/www.sudoestehoje.com.br\/novoportal\/wp-json\/wp\/v2\/media?parent=66194"}],"wp:term":[{"taxonomy":"category","embeddable":true,"href":"https:\/\/www.sudoestehoje.com.br\/novoportal\/wp-json\/wp\/v2\/categories?post=66194"},{"taxonomy":"post_tag","embeddable":true,"href":"https:\/\/www.sudoestehoje.com.br\/novoportal\/wp-json\/wp\/v2\/tags?post=66194"}],"curies":[{"name":"wp","href":"https:\/\/api.w.org\/{rel}","templated":true}]}}