
{"id":66181,"date":"2017-06-27T17:38:44","date_gmt":"2017-06-27T20:38:44","guid":{"rendered":"http:\/\/www.sudoestehoje.com.br\/novoportal\/?p=66181"},"modified":"2017-06-27T20:13:06","modified_gmt":"2017-06-27T23:13:06","slug":"prefeitura-vai-demolir-e-reconstruir-creche-mal-feita-da-gestao-de-ze-carlos","status":"publish","type":"post","link":"https:\/\/www.sudoestehoje.com.br\/novoportal\/2017\/06\/27\/prefeitura-vai-demolir-e-reconstruir-creche-mal-feita-da-gestao-de-ze-carlos\/","title":{"rendered":"PREFEITURA VAI DEMOLIR E RECONSTRUIR CRECHE MAL FEITA NA GEST\u00c3O DE Z\u00c9 CARLOS"},"content":{"rendered":"<div id=\"attachment_66182\" style=\"width: 510px\" class=\"wp-caption aligncenter\"><a href=\"http:\/\/www.sudoestehoje.com.br\/novoportal\/wp-content\/uploads\/2017\/06\/creche-itapetinga.jpg\"><img loading=\"lazy\" decoding=\"async\" aria-describedby=\"caption-attachment-66182\" class=\"size-medium wp-image-66182\" src=\"http:\/\/www.sudoestehoje.com.br\/novoportal\/wp-content\/uploads\/2017\/06\/creche-itapetinga-500x375.jpg\" alt=\"\" width=\"500\" height=\"375\" \/><\/a><p id=\"caption-attachment-66182\" class=\"wp-caption-text\"><strong><em>O PRAZO PARA ENTREGA DAS CRECHES EM ITAPETINGA ERA SETEMBRO DE 2012<\/em><\/strong><\/p><\/div>\n<p id=\"yui_3_16_0_1_1498594473094_3939\" class=\"yiv4964334855MsoNormal\">Na gest\u00e3o do ex-prefeito Jos\u00e9 Carlos Moura (PT), teve in\u00edcio em Itapetinga a constru\u00e7\u00e3o de duas creches, uma delas para o bairro Vila Riach\u00e3o, com recursos repassados dentro do programa federal PAC-2. A iniciativa viria a beneficiar in\u00fameras fam\u00edlias do entorno, ao receber de forma segura e educativa, crian\u00e7as de 0 a 4 anos.<\/p>\n<p class=\"yiv4964334855MsoNormal\">OBRA EMBARGADA PELO MINIST\u00c9RIO P\u00daBLICO<\/p>\n<p class=\"yiv4964334855MsoNormal\">Por inoper\u00e2ncia e m\u00e1 aplica\u00e7\u00e3o da verba recebida atrav\u00e9s de conv\u00eanio com o governo federal, no entanto, iniciou uma uma obra mal feita e desestruturada, que n\u00e3o atenderia \u00e0s exig\u00eancias m\u00ednimas de seguran\u00e7a. Por conta disso, o Minist\u00e9rio P\u00fablico embargou a obra, determinando ao munic\u00edpio a adequa\u00e7\u00e3o ao projeto original.<\/p>\n<p class=\"yiv4964334855MsoNormal\"><a href=\"http:\/\/www.sudoestehoje.com.br\/novoportal\/wp-content\/uploads\/2017\/06\/placa-creche.jpg\"><img loading=\"lazy\" decoding=\"async\" class=\"aligncenter size-medium wp-image-66188\" src=\"http:\/\/www.sudoestehoje.com.br\/novoportal\/wp-content\/uploads\/2017\/06\/placa-creche-500x375.jpg\" alt=\"\" width=\"500\" height=\"375\" srcset=\"https:\/\/www.sudoestehoje.com.br\/novoportal\/wp-content\/uploads\/2017\/06\/placa-creche-500x375.jpg 500w, https:\/\/www.sudoestehoje.com.br\/novoportal\/wp-content\/uploads\/2017\/06\/placa-creche.jpg 640w\" sizes=\"auto, (max-width: 500px) 100vw, 500px\" \/><\/a><\/p>\n<p class=\"yiv4964334855MsoNormal\">DEMOLI\u00c7\u00c3O E RECONSTRU\u00c7\u00c3O<\/p>\n<p id=\"yui_3_16_0_1_1498594473094_3940\" class=\"yiv4964334855MsoNormal\">Buscando corrigir os erros de execu\u00e7\u00e3o da gest\u00e3o anterior, a prefeitura de Itapetinga, atrav\u00e9s da Secretaria Municipal de Educa\u00e7\u00e3o, vai demolir, a partir desta quarta-feira (28), parte da antiga obra e iniciar os trabalhos de reconstru\u00e7\u00e3o para, a partir do ano que vem, atender \u00e0s crian\u00e7as do bairro.<\/p>\n<p class=\"yiv4964334855MsoNormal\">A previs\u00e3o inicial para entrega das duas creches, incluindo a do Residencial 12 de Dezembro, era setembro de 2012, mas o descaso do ent\u00e3o prefeito e erros graves na constru\u00e7\u00e3o, n\u00e3o permitiram que as creches fossem conclu\u00eddas.<\/p>\n<p class=\"yiv4964334855MsoNormal\">Nessa brincadeira, recursos federais da ordem de R$ 1.408.037,03, para cada creche, evaporaram.<\/p>\n<p id=\"yui_3_16_0_1_1498594473094_3948\"><strong><em>\u00a0Por Davi Ferraz<\/em><\/strong><\/p>\n","protected":false},"excerpt":{"rendered":"<p>Na gest\u00e3o do ex-prefeito Jos\u00e9 Carlos Moura (PT), teve in\u00edcio em Itapetinga a constru\u00e7\u00e3o de duas creches, uma delas para o bairro Vila Riach\u00e3o, com recursos repassados dentro do programa federal PAC-2. A iniciativa viria a beneficiar in\u00fameras fam\u00edlias do entorno, ao receber de forma segura e educativa, crian\u00e7as de 0 a 4 anos. OBRA [&hellip;]<\/p>\n","protected":false},"author":2,"featured_media":0,"comment_status":"open","ping_status":"open","sticky":false,"template":"","format":"standard","meta":{"footnotes":"","_links_to":"","_links_to_target":""},"categories":[1],"tags":[],"class_list":["post-66181","post","type-post","status-publish","format-standard","hentry","category-geral"],"views":2231,"_links":{"self":[{"href":"https:\/\/www.sudoestehoje.com.br\/novoportal\/wp-json\/wp\/v2\/posts\/66181","targetHints":{"allow":["GET"]}}],"collection":[{"href":"https:\/\/www.sudoestehoje.com.br\/novoportal\/wp-json\/wp\/v2\/posts"}],"about":[{"href":"https:\/\/www.sudoestehoje.com.br\/novoportal\/wp-json\/wp\/v2\/types\/post"}],"author":[{"embeddable":true,"href":"https:\/\/www.sudoestehoje.com.br\/novoportal\/wp-json\/wp\/v2\/users\/2"}],"replies":[{"embeddable":true,"href":"https:\/\/www.sudoestehoje.com.br\/novoportal\/wp-json\/wp\/v2\/comments?post=66181"}],"version-history":[{"count":8,"href":"https:\/\/www.sudoestehoje.com.br\/novoportal\/wp-json\/wp\/v2\/posts\/66181\/revisions"}],"predecessor-version":[{"id":66193,"href":"https:\/\/www.sudoestehoje.com.br\/novoportal\/wp-json\/wp\/v2\/posts\/66181\/revisions\/66193"}],"wp:attachment":[{"href":"https:\/\/www.sudoestehoje.com.br\/novoportal\/wp-json\/wp\/v2\/media?parent=66181"}],"wp:term":[{"taxonomy":"category","embeddable":true,"href":"https:\/\/www.sudoestehoje.com.br\/novoportal\/wp-json\/wp\/v2\/categories?post=66181"},{"taxonomy":"post_tag","embeddable":true,"href":"https:\/\/www.sudoestehoje.com.br\/novoportal\/wp-json\/wp\/v2\/tags?post=66181"}],"curies":[{"name":"wp","href":"https:\/\/api.w.org\/{rel}","templated":true}]}}