
{"id":66175,"date":"2017-06-27T11:19:03","date_gmt":"2017-06-27T14:19:03","guid":{"rendered":"http:\/\/www.sudoestehoje.com.br\/novoportal\/?p=66175"},"modified":"2017-06-27T11:19:03","modified_gmt":"2017-06-27T14:19:03","slug":"macarani-prefeito-recebe-do-dnocs-trator-agricola-para-pequenos-produtores","status":"publish","type":"post","link":"https:\/\/www.sudoestehoje.com.br\/novoportal\/2017\/06\/27\/macarani-prefeito-recebe-do-dnocs-trator-agricola-para-pequenos-produtores\/","title":{"rendered":"MACARANI: PREFEITO RECEBE DO DNOCS TRATOR AGR\u00cdCOLA PARA PEQUENOS PRODUTORES"},"content":{"rendered":"<p><a href=\"http:\/\/www.sudoestehoje.com.br\/novoportal\/wp-content\/uploads\/2017\/06\/trator-macarani.jpg\"><img loading=\"lazy\" decoding=\"async\" class=\"aligncenter size-medium wp-image-66179\" src=\"http:\/\/www.sudoestehoje.com.br\/novoportal\/wp-content\/uploads\/2017\/06\/trator-macarani-500x375.jpg\" alt=\"\" width=\"500\" height=\"375\" srcset=\"https:\/\/www.sudoestehoje.com.br\/novoportal\/wp-content\/uploads\/2017\/06\/trator-macarani-500x375.jpg 500w, https:\/\/www.sudoestehoje.com.br\/novoportal\/wp-content\/uploads\/2017\/06\/trator-macarani-768x576.jpg 768w, https:\/\/www.sudoestehoje.com.br\/novoportal\/wp-content\/uploads\/2017\/06\/trator-macarani-700x525.jpg 700w, https:\/\/www.sudoestehoje.com.br\/novoportal\/wp-content\/uploads\/2017\/06\/trator-macarani.jpg 960w\" sizes=\"auto, (max-width: 500px) 100vw, 500px\" \/><\/a><\/p>\n<p>Mesmo em per\u00edodo de festejos junino, o prefeito Miller Ferraz n\u00e3o para de buscar benef\u00edcios para Macarani. Nesta segunda-feira (26), acompanhando dos secret\u00e1rios de Desenvolvimento, Abra\u00e3o Lacerda e de Administra\u00e7\u00e3o, Euclides Filho (Kidinho), Miller esteve em Feira de Santana, no<br \/>\nDENOCS (Departamento Nacional de Obras Contra a Seca), onde recebeu um trator agr\u00edcola, atrav\u00e9s de Emenda Parlamentar do Deputado Federal <a class=\"profileLink\" href=\"https:\/\/www.facebook.com\/dep.joserocha?fref=mentions\" data-hovercard=\"\/ajax\/hovercard\/user.php?id=100002415297304&amp;extragetparams=%7B%22fref%22%3A%22mentions%22%7D\" data-hovercard-prefer-more-content-show=\"1\">Jos\u00e9 Rocha<\/a>, que muito tem ajudado com esfor\u00e7os para trazer desenvolvimento para o munic\u00edpio de Macarani<\/p>\n<p><span class=\"text_exposed_show\">O trator, que atender\u00e1 aos pequenos produtores rurais do munic\u00edpio, vem equipado com carro\u00e7a, l\u00e2mina e ro\u00e7adeira, e est\u00e1 pronto para entrar em servi\u00e7o.\u00a0<\/span><\/p>\n<div class=\"text_exposed_show\">\n<p><em>&#8220;Enquanto presto contas de mais essa conquista para o desenvolvimento da nossa agricultura, estou nesse momento em Salvador, buscando uma grande melhoria para os feirantes de Macarani&#8221;<\/em>, comemorou o prefeito.<\/p>\n<p><em>&#8220;E as boas not\u00edcias n\u00e3o param. Agora com galp\u00e3o do Marjorie Parque desocupado e pronto para receber outra empresa, daqui a pouco estaremos tamb\u00e9m realizando o nosso grande sonho desse primeiro semestre, vou assinar o termo de protocolo que trar\u00e1 empregos diretos para a minha amada popula\u00e7\u00e3o&#8221;<\/em>, concluiu Miller. \/\/ Ascom<\/p>\n<\/div>\n","protected":false},"excerpt":{"rendered":"<p>Mesmo em per\u00edodo de festejos junino, o prefeito Miller Ferraz n\u00e3o para de buscar benef\u00edcios para Macarani. Nesta segunda-feira (26), acompanhando dos secret\u00e1rios de Desenvolvimento, Abra\u00e3o Lacerda e de Administra\u00e7\u00e3o, Euclides Filho (Kidinho), Miller esteve em Feira de Santana, no DENOCS (Departamento Nacional de Obras Contra a Seca), onde recebeu um trator agr\u00edcola, atrav\u00e9s de [&hellip;]<\/p>\n","protected":false},"author":2,"featured_media":66179,"comment_status":"open","ping_status":"open","sticky":false,"template":"","format":"standard","meta":{"footnotes":"","_links_to":"","_links_to_target":""},"categories":[1],"tags":[],"class_list":["post-66175","post","type-post","status-publish","format-standard","has-post-thumbnail","hentry","category-geral"],"views":1794,"_links":{"self":[{"href":"https:\/\/www.sudoestehoje.com.br\/novoportal\/wp-json\/wp\/v2\/posts\/66175","targetHints":{"allow":["GET"]}}],"collection":[{"href":"https:\/\/www.sudoestehoje.com.br\/novoportal\/wp-json\/wp\/v2\/posts"}],"about":[{"href":"https:\/\/www.sudoestehoje.com.br\/novoportal\/wp-json\/wp\/v2\/types\/post"}],"author":[{"embeddable":true,"href":"https:\/\/www.sudoestehoje.com.br\/novoportal\/wp-json\/wp\/v2\/users\/2"}],"replies":[{"embeddable":true,"href":"https:\/\/www.sudoestehoje.com.br\/novoportal\/wp-json\/wp\/v2\/comments?post=66175"}],"version-history":[{"count":4,"href":"https:\/\/www.sudoestehoje.com.br\/novoportal\/wp-json\/wp\/v2\/posts\/66175\/revisions"}],"predecessor-version":[{"id":66180,"href":"https:\/\/www.sudoestehoje.com.br\/novoportal\/wp-json\/wp\/v2\/posts\/66175\/revisions\/66180"}],"wp:featuredmedia":[{"embeddable":true,"href":"https:\/\/www.sudoestehoje.com.br\/novoportal\/wp-json\/wp\/v2\/media\/66179"}],"wp:attachment":[{"href":"https:\/\/www.sudoestehoje.com.br\/novoportal\/wp-json\/wp\/v2\/media?parent=66175"}],"wp:term":[{"taxonomy":"category","embeddable":true,"href":"https:\/\/www.sudoestehoje.com.br\/novoportal\/wp-json\/wp\/v2\/categories?post=66175"},{"taxonomy":"post_tag","embeddable":true,"href":"https:\/\/www.sudoestehoje.com.br\/novoportal\/wp-json\/wp\/v2\/tags?post=66175"}],"curies":[{"name":"wp","href":"https:\/\/api.w.org\/{rel}","templated":true}]}}