
{"id":66165,"date":"2017-06-26T13:06:05","date_gmt":"2017-06-26T16:06:05","guid":{"rendered":"http:\/\/www.sudoestehoje.com.br\/novoportal\/?p=66165"},"modified":"2017-06-26T19:11:09","modified_gmt":"2017-06-26T22:11:09","slug":"moro-condena-palocci-a-12-anos-de-prisao-por-corrupcao-na-petrobras","status":"publish","type":"post","link":"https:\/\/www.sudoestehoje.com.br\/novoportal\/2017\/06\/26\/moro-condena-palocci-a-12-anos-de-prisao-por-corrupcao-na-petrobras\/","title":{"rendered":"MORO CONDENA PALOCCI A 12 ANOS DE PRIS\u00c3O POR CORRUP\u00c7\u00c3O NA PETROBRAS"},"content":{"rendered":"<p><a href=\"http:\/\/www.sudoestehoje.com.br\/novoportal\/wp-content\/uploads\/2017\/06\/palocci-pf-curitiba-26-09-2016-04.jpg\"><img loading=\"lazy\" decoding=\"async\" class=\"aligncenter size-medium wp-image-66166\" src=\"http:\/\/www.sudoestehoje.com.br\/novoportal\/wp-content\/uploads\/2017\/06\/palocci-pf-curitiba-26-09-2016-04-500x333.jpg\" alt=\"\" width=\"500\" height=\"333\" srcset=\"https:\/\/www.sudoestehoje.com.br\/novoportal\/wp-content\/uploads\/2017\/06\/palocci-pf-curitiba-26-09-2016-04-500x333.jpg 500w, https:\/\/www.sudoestehoje.com.br\/novoportal\/wp-content\/uploads\/2017\/06\/palocci-pf-curitiba-26-09-2016-04.jpg 680w\" sizes=\"auto, (max-width: 500px) 100vw, 500px\" \/><\/a><\/p>\n<p>O juiz federal\u00a0<a href=\"http:\/\/veja.abril.com.br\/noticias-sobre\/sergio-moro\"><strong>S\u00e9rgio Moro<\/strong><\/a>, respons\u00e1vel pelos processos da <strong><a href=\"http:\/\/veja.abril.com.br\/noticias-sobre\/operacao-lava-jato\">Opera\u00e7\u00e3o Lava Jato<\/a><\/strong> em 1\u00aa inst\u00e2ncia, condenou, na manh\u00e3 desta segunda-feira, o ex-ministro da Fazenda\u00a0<a href=\"http:\/\/veja.abril.com.br\/noticias-sobre\/antonio-palocci\"><strong>Antonio Palocci Filho<\/strong><\/a>\u00a0(PT) a doze anos, dois meses e 20 dias de pris\u00e3o pelos crimes de corrup\u00e7\u00e3o passiva e lavagem de dinheiro. Essa \u00e9 a primeira condena\u00e7\u00e3o do petista, que tamb\u00e9m chefiou a Casa Civil, na opera\u00e7\u00e3o que investiga um esquema de corrup\u00e7\u00e3o na Petrobras.<\/p>\n<p>A decis\u00e3o foi proferida em um processo que envolve a atua\u00e7\u00e3o da <strong><a href=\"http:\/\/veja.abril.com.br\/noticias-sobre\/odebrecht\">Odebrecht<\/a><\/strong>\u00a0em contratos com a estatal, favorecida em troca de repasses de propina ao PT. Al\u00e9m da pris\u00e3o, Antonio Palocci ter\u00e1 que arcar com uma multa de 1,06 milh\u00e3o de reais. Segundo o juiz, o esquema teria movimentado pouco mais de dez milh\u00f5es de d\u00f3lares, o equivalente a cerca de 34 milh\u00f5es de reais em valores de hoje.<\/p>\n<p>A senten\u00e7a tamb\u00e9m condenou o empres\u00e1rio <a href=\"http:\/\/veja.abril.com.br\/noticias-sobre\/marcelo-odebrecht\"><strong>Marcelo Odebrecht<\/strong><\/a>, o ex-tesoureiro do PT Jo\u00e3o Vaccari Neto, os marqueteiros Jo\u00e3o Santana e M\u00f4nica Moura, ex-diretores da <strong><a href=\"http:\/\/veja.abril.com.br\/noticias-sobre\/petrobras\">Petrobras<\/a><\/strong> e ex-executivos do grupo Odebrecht. \/\/ <em>Veja<\/em><\/p>\n","protected":false},"excerpt":{"rendered":"<p>O juiz federal\u00a0S\u00e9rgio Moro, respons\u00e1vel pelos processos da Opera\u00e7\u00e3o Lava Jato em 1\u00aa inst\u00e2ncia, condenou, na manh\u00e3 desta segunda-feira, o ex-ministro da Fazenda\u00a0Antonio Palocci Filho\u00a0(PT) a doze anos, dois meses e 20 dias de pris\u00e3o pelos crimes de corrup\u00e7\u00e3o passiva e lavagem de dinheiro. Essa \u00e9 a primeira condena\u00e7\u00e3o do petista, que tamb\u00e9m chefiou a [&hellip;]<\/p>\n","protected":false},"author":2,"featured_media":66166,"comment_status":"open","ping_status":"open","sticky":false,"template":"","format":"standard","meta":{"footnotes":"","_links_to":"","_links_to_target":""},"categories":[1],"tags":[],"class_list":["post-66165","post","type-post","status-publish","format-standard","has-post-thumbnail","hentry","category-geral"],"views":1185,"_links":{"self":[{"href":"https:\/\/www.sudoestehoje.com.br\/novoportal\/wp-json\/wp\/v2\/posts\/66165","targetHints":{"allow":["GET"]}}],"collection":[{"href":"https:\/\/www.sudoestehoje.com.br\/novoportal\/wp-json\/wp\/v2\/posts"}],"about":[{"href":"https:\/\/www.sudoestehoje.com.br\/novoportal\/wp-json\/wp\/v2\/types\/post"}],"author":[{"embeddable":true,"href":"https:\/\/www.sudoestehoje.com.br\/novoportal\/wp-json\/wp\/v2\/users\/2"}],"replies":[{"embeddable":true,"href":"https:\/\/www.sudoestehoje.com.br\/novoportal\/wp-json\/wp\/v2\/comments?post=66165"}],"version-history":[{"count":1,"href":"https:\/\/www.sudoestehoje.com.br\/novoportal\/wp-json\/wp\/v2\/posts\/66165\/revisions"}],"predecessor-version":[{"id":66167,"href":"https:\/\/www.sudoestehoje.com.br\/novoportal\/wp-json\/wp\/v2\/posts\/66165\/revisions\/66167"}],"wp:featuredmedia":[{"embeddable":true,"href":"https:\/\/www.sudoestehoje.com.br\/novoportal\/wp-json\/wp\/v2\/media\/66166"}],"wp:attachment":[{"href":"https:\/\/www.sudoestehoje.com.br\/novoportal\/wp-json\/wp\/v2\/media?parent=66165"}],"wp:term":[{"taxonomy":"category","embeddable":true,"href":"https:\/\/www.sudoestehoje.com.br\/novoportal\/wp-json\/wp\/v2\/categories?post=66165"},{"taxonomy":"post_tag","embeddable":true,"href":"https:\/\/www.sudoestehoje.com.br\/novoportal\/wp-json\/wp\/v2\/tags?post=66165"}],"curies":[{"name":"wp","href":"https:\/\/api.w.org\/{rel}","templated":true}]}}