
{"id":66154,"date":"2017-06-25T21:48:51","date_gmt":"2017-06-26T00:48:51","guid":{"rendered":"http:\/\/www.sudoestehoje.com.br\/novoportal\/?p=66154"},"modified":"2017-06-25T21:48:51","modified_gmt":"2017-06-26T00:48:51","slug":"volta-do-sao-joao-bandidos-aproveitam-lentidao-e-realizam-assaltos-na-br-101","status":"publish","type":"post","link":"https:\/\/www.sudoestehoje.com.br\/novoportal\/2017\/06\/25\/volta-do-sao-joao-bandidos-aproveitam-lentidao-e-realizam-assaltos-na-br-101\/","title":{"rendered":"VOLTA DO S\u00c3O JO\u00c3O: BANDIDOS APROVEITAM LENTID\u00c3O E REALIZAM ASSALTOS NA BR-101"},"content":{"rendered":"<div class=\"mc-column content-text active-extra-styles active-capital-letter\" data-block-type=\"unstyled\" data-block-weight=\"41\">\n<div id=\"attachment_66155\" style=\"width: 510px\" class=\"wp-caption aligncenter\"><a href=\"http:\/\/www.sudoestehoje.com.br\/novoportal\/wp-content\/uploads\/2017\/06\/101.jpg\"><img loading=\"lazy\" decoding=\"async\" aria-describedby=\"caption-attachment-66155\" class=\"size-medium wp-image-66155\" src=\"http:\/\/www.sudoestehoje.com.br\/novoportal\/wp-content\/uploads\/2017\/06\/101-500x375.jpg\" alt=\"\" width=\"500\" height=\"375\" srcset=\"https:\/\/www.sudoestehoje.com.br\/novoportal\/wp-content\/uploads\/2017\/06\/101-500x375.jpg 500w, https:\/\/www.sudoestehoje.com.br\/novoportal\/wp-content\/uploads\/2017\/06\/101-700x525.jpg 700w, https:\/\/www.sudoestehoje.com.br\/novoportal\/wp-content\/uploads\/2017\/06\/101.jpg 717w\" sizes=\"auto, (max-width: 500px) 100vw, 500px\" \/><\/a><p id=\"caption-attachment-66155\" class=\"wp-caption-text\"><em>FOTO: FRED PONTES<\/em><\/p><\/div>\n<p class=\"content-text__container theme-color-primary-first-letter\" data-track-category=\"Link no Texto\" data-track-links=\"\">Bandidos aproveitaram a lentid\u00e3o no tr\u00e1fego da BR-101, na altura do munic\u00edpio de S\u00e3o Gon\u00e7alo dos Campos, a cerca de 115 quil\u00f4metros de Salvador, por conta do retorno do feriado de S\u00e3o Jo\u00e3o, e assaltaram motoristas, na tarde deste domingo (25).<\/p>\n<\/div>\n<div class=\"mc-column content-text active-extra-styles \" data-block-type=\"unstyled\" data-block-weight=\"22\">\n<p class=\"content-text__container \" data-track-category=\"Link no Texto\" data-track-links=\"\">Segundo informa\u00e7\u00f5es da Pol\u00edcia Rodovi\u00e1ria Federal (PRF), os crimes ocorreram por volta das 15h, na altura do Km-178, no distrito das Merc\u00eas.<\/p>\n<\/div>\n<div class=\"mc-column content-text active-extra-styles \" data-block-type=\"unstyled\" data-block-weight=\"55\">\n<p class=\"content-text__container \" data-track-category=\"Link no Texto\" data-track-links=\"\">Ainda de acordo com a PRF, tr\u00eas suspeitos armados com facas e porretes estavam escondidos no matagal que margeia a rodovia. Como os motoristas estavam em velocidade reduzida, eles abordaram dos ve\u00edculos, quebram os parabrisas e levaram pertences do ocupantes. A PRF disse que ao menos tr\u00eas celulares foram roubados pelo trio, que estava encapuzado.<\/p>\n<\/div>\n<div class=\"mc-column content-text active-extra-styles \" data-block-type=\"unstyled\" data-block-weight=\"29\">\n<p class=\"content-text__container \" data-track-category=\"Link no Texto\" data-track-links=\"\">A PRF informou que viaturas foram at\u00e9 o local, mas os bandidos conseguiram fugir. Ainda de acordo com a pol\u00edcia, os suspeitos j\u00e1 foram identificados e est\u00e3o sendo procurados.<\/p>\n<\/div>\n","protected":false},"excerpt":{"rendered":"<p>Bandidos aproveitaram a lentid\u00e3o no tr\u00e1fego da BR-101, na altura do munic\u00edpio de S\u00e3o Gon\u00e7alo dos Campos, a cerca de 115 quil\u00f4metros de Salvador, por conta do retorno do feriado de S\u00e3o Jo\u00e3o, e assaltaram motoristas, na tarde deste domingo (25). Segundo informa\u00e7\u00f5es da Pol\u00edcia Rodovi\u00e1ria Federal (PRF), os crimes ocorreram por volta das 15h, [&hellip;]<\/p>\n","protected":false},"author":2,"featured_media":66155,"comment_status":"open","ping_status":"open","sticky":false,"template":"","format":"standard","meta":{"footnotes":"","_links_to":"","_links_to_target":""},"categories":[1],"tags":[],"class_list":["post-66154","post","type-post","status-publish","format-standard","has-post-thumbnail","hentry","category-geral"],"views":8571,"_links":{"self":[{"href":"https:\/\/www.sudoestehoje.com.br\/novoportal\/wp-json\/wp\/v2\/posts\/66154","targetHints":{"allow":["GET"]}}],"collection":[{"href":"https:\/\/www.sudoestehoje.com.br\/novoportal\/wp-json\/wp\/v2\/posts"}],"about":[{"href":"https:\/\/www.sudoestehoje.com.br\/novoportal\/wp-json\/wp\/v2\/types\/post"}],"author":[{"embeddable":true,"href":"https:\/\/www.sudoestehoje.com.br\/novoportal\/wp-json\/wp\/v2\/users\/2"}],"replies":[{"embeddable":true,"href":"https:\/\/www.sudoestehoje.com.br\/novoportal\/wp-json\/wp\/v2\/comments?post=66154"}],"version-history":[{"count":3,"href":"https:\/\/www.sudoestehoje.com.br\/novoportal\/wp-json\/wp\/v2\/posts\/66154\/revisions"}],"predecessor-version":[{"id":66158,"href":"https:\/\/www.sudoestehoje.com.br\/novoportal\/wp-json\/wp\/v2\/posts\/66154\/revisions\/66158"}],"wp:featuredmedia":[{"embeddable":true,"href":"https:\/\/www.sudoestehoje.com.br\/novoportal\/wp-json\/wp\/v2\/media\/66155"}],"wp:attachment":[{"href":"https:\/\/www.sudoestehoje.com.br\/novoportal\/wp-json\/wp\/v2\/media?parent=66154"}],"wp:term":[{"taxonomy":"category","embeddable":true,"href":"https:\/\/www.sudoestehoje.com.br\/novoportal\/wp-json\/wp\/v2\/categories?post=66154"},{"taxonomy":"post_tag","embeddable":true,"href":"https:\/\/www.sudoestehoje.com.br\/novoportal\/wp-json\/wp\/v2\/tags?post=66154"}],"curies":[{"name":"wp","href":"https:\/\/api.w.org\/{rel}","templated":true}]}}