
{"id":66121,"date":"2017-06-23T23:22:57","date_gmt":"2017-06-24T02:22:57","guid":{"rendered":"http:\/\/www.sudoestehoje.com.br\/novoportal\/?p=66121"},"modified":"2017-06-23T23:22:57","modified_gmt":"2017-06-24T02:22:57","slug":"presidente-do-conselho-de-etica-do-senado-arquiva-pedido-de-cassacao-de-aecio","status":"publish","type":"post","link":"https:\/\/www.sudoestehoje.com.br\/novoportal\/2017\/06\/23\/presidente-do-conselho-de-etica-do-senado-arquiva-pedido-de-cassacao-de-aecio\/","title":{"rendered":"PRESIDENTE DO CONSELHO DE \u00c9TICA DO SENADO ARQUIVA PEDIDO DE CASSA\u00c7\u00c3O DE A\u00c9CIO"},"content":{"rendered":"<p><a href=\"http:\/\/www.sudoestehoje.com.br\/novoportal\/wp-content\/uploads\/2017\/06\/aecio-neves-conselho-etica-cassacao.jpg\"><img loading=\"lazy\" decoding=\"async\" class=\"aligncenter size-medium wp-image-66123\" src=\"http:\/\/www.sudoestehoje.com.br\/novoportal\/wp-content\/uploads\/2017\/06\/aecio-neves-conselho-etica-cassacao-500x278.jpg\" alt=\"\" width=\"500\" height=\"278\" srcset=\"https:\/\/www.sudoestehoje.com.br\/novoportal\/wp-content\/uploads\/2017\/06\/aecio-neves-conselho-etica-cassacao-500x278.jpg 500w, https:\/\/www.sudoestehoje.com.br\/novoportal\/wp-content\/uploads\/2017\/06\/aecio-neves-conselho-etica-cassacao-768x427.jpg 768w, https:\/\/www.sudoestehoje.com.br\/novoportal\/wp-content\/uploads\/2017\/06\/aecio-neves-conselho-etica-cassacao-700x389.jpg 700w, https:\/\/www.sudoestehoje.com.br\/novoportal\/wp-content\/uploads\/2017\/06\/aecio-neves-conselho-etica-cassacao.jpg 810w\" sizes=\"auto, (max-width: 500px) 100vw, 500px\" \/><\/a><\/p>\n<p>O presidente do Conselho de \u00c9tica e Decoro Parlamentar do Senado, senador Jo\u00e3o Alberto Souza (PMDB-MA), informou nesta sexta-feira (23) que indeferiu, por falta de provas, o pedido de abertura de processo para cassa\u00e7\u00e3o do mandato do senador afastado A\u00e9cio Neves (PSDB-MG). De acordo com Jo\u00e3o Alberto, os membros do Conselho de \u00c9tica t\u00eam dois dias uteis para recorrer da decis\u00e3o, desde que tenham apoiamento de, pelo menos, cinco integrantes do colegiado.<\/p>\n<p>&#8220;Indeferi por falta de provas&#8221;, disse Jo\u00e3o Alberto Souza.<\/p>\n<p>Segundo o senador,\u00a0as provas apresentadas na representa\u00e7\u00e3o s\u00e3o \u201crecortes de jornais, de revistas e fitas gravadas que n\u00e3o dizem nada que culpe o senador A\u00e9cio Neves\u201d.<\/p>\n<p>&#8220;N\u00e3o h\u00e1 elementos convincentes para que se abrisse um processo contra o senador. A minha consci\u00eancia diz que n\u00e3o cabe, por falta de provas, abrir processo&#8221;, disse.<\/p>\n","protected":false},"excerpt":{"rendered":"<p>O presidente do Conselho de \u00c9tica e Decoro Parlamentar do Senado, senador Jo\u00e3o Alberto Souza (PMDB-MA), informou nesta sexta-feira (23) que indeferiu, por falta de provas, o pedido de abertura de processo para cassa\u00e7\u00e3o do mandato do senador afastado A\u00e9cio Neves (PSDB-MG). De acordo com Jo\u00e3o Alberto, os membros do Conselho de \u00c9tica t\u00eam dois [&hellip;]<\/p>\n","protected":false},"author":2,"featured_media":66123,"comment_status":"open","ping_status":"open","sticky":false,"template":"","format":"standard","meta":{"footnotes":"","_links_to":"","_links_to_target":""},"categories":[1],"tags":[],"class_list":["post-66121","post","type-post","status-publish","format-standard","has-post-thumbnail","hentry","category-geral"],"views":1192,"_links":{"self":[{"href":"https:\/\/www.sudoestehoje.com.br\/novoportal\/wp-json\/wp\/v2\/posts\/66121","targetHints":{"allow":["GET"]}}],"collection":[{"href":"https:\/\/www.sudoestehoje.com.br\/novoportal\/wp-json\/wp\/v2\/posts"}],"about":[{"href":"https:\/\/www.sudoestehoje.com.br\/novoportal\/wp-json\/wp\/v2\/types\/post"}],"author":[{"embeddable":true,"href":"https:\/\/www.sudoestehoje.com.br\/novoportal\/wp-json\/wp\/v2\/users\/2"}],"replies":[{"embeddable":true,"href":"https:\/\/www.sudoestehoje.com.br\/novoportal\/wp-json\/wp\/v2\/comments?post=66121"}],"version-history":[{"count":2,"href":"https:\/\/www.sudoestehoje.com.br\/novoportal\/wp-json\/wp\/v2\/posts\/66121\/revisions"}],"predecessor-version":[{"id":66124,"href":"https:\/\/www.sudoestehoje.com.br\/novoportal\/wp-json\/wp\/v2\/posts\/66121\/revisions\/66124"}],"wp:featuredmedia":[{"embeddable":true,"href":"https:\/\/www.sudoestehoje.com.br\/novoportal\/wp-json\/wp\/v2\/media\/66123"}],"wp:attachment":[{"href":"https:\/\/www.sudoestehoje.com.br\/novoportal\/wp-json\/wp\/v2\/media?parent=66121"}],"wp:term":[{"taxonomy":"category","embeddable":true,"href":"https:\/\/www.sudoestehoje.com.br\/novoportal\/wp-json\/wp\/v2\/categories?post=66121"},{"taxonomy":"post_tag","embeddable":true,"href":"https:\/\/www.sudoestehoje.com.br\/novoportal\/wp-json\/wp\/v2\/tags?post=66121"}],"curies":[{"name":"wp","href":"https:\/\/api.w.org\/{rel}","templated":true}]}}