
{"id":66118,"date":"2017-06-23T21:15:31","date_gmt":"2017-06-24T00:15:31","guid":{"rendered":"http:\/\/www.sudoestehoje.com.br\/novoportal\/?p=66118"},"modified":"2017-06-23T21:15:31","modified_gmt":"2017-06-24T00:15:31","slug":"petistas-discutem-se-lula-deve-fugir-do-pais-em-caso-de-condenacao","status":"publish","type":"post","link":"https:\/\/www.sudoestehoje.com.br\/novoportal\/2017\/06\/23\/petistas-discutem-se-lula-deve-fugir-do-pais-em-caso-de-condenacao\/","title":{"rendered":"PETISTAS DISCUTEM SE LULA DEVE FUGIR DO PA\u00cdS, EM CASO DE CONDENA\u00c7\u00c3O"},"content":{"rendered":"<p><a href=\"http:\/\/www.sudoestehoje.com.br\/novoportal\/wp-content\/uploads\/2017\/06\/FUGA-DE-LULA.jpeg\"><img loading=\"lazy\" decoding=\"async\" class=\"aligncenter size-medium wp-image-66119\" src=\"http:\/\/www.sudoestehoje.com.br\/novoportal\/wp-content\/uploads\/2017\/06\/FUGA-DE-LULA-500x334.jpeg\" alt=\"\" width=\"500\" height=\"334\" srcset=\"https:\/\/www.sudoestehoje.com.br\/novoportal\/wp-content\/uploads\/2017\/06\/FUGA-DE-LULA-500x334.jpeg 500w, https:\/\/www.sudoestehoje.com.br\/novoportal\/wp-content\/uploads\/2017\/06\/FUGA-DE-LULA-700x467.jpeg 700w, https:\/\/www.sudoestehoje.com.br\/novoportal\/wp-content\/uploads\/2017\/06\/FUGA-DE-LULA.jpeg 766w\" sizes=\"auto, (max-width: 500px) 100vw, 500px\" \/><\/a><\/p>\n<p>A iminente senten\u00e7a do juiz S\u00e9rgio Moro, numa das a\u00e7\u00f5es em que Lula \u00e9 acusado de corrup\u00e7\u00e3o, levou pr\u00f3ceres petistas a retomarem a discuss\u00e3o sobre alternativas de fuga do Pa\u00eds. Fonte ligada \u00e0 c\u00fapula do PT confirmou as discuss\u00f5es, mas nega ser uma \u201cfuga\u201d, e sim \u201cper\u00edodo sab\u00e1tico\u201d em outro pa\u00eds. Uma das op\u00e7\u00f5es do ex-presidente seria o Uruguai, cujo governo lhe teria oferecido asilo, em car\u00e1ter reservado. A informa\u00e7\u00e3o \u00e9 do colunista Cl\u00e1udio Humberto, do <strong>Di\u00e1rio do Poder<\/strong>.<\/p>\n<p>Um filho de Lula, Luiz Cl\u00e1udio, r\u00e9u por corrup\u00e7\u00e3o, chegou a se mudar para o Uruguai em 2016, sob a prote\u00e7\u00e3o do governo.\u00a0As op\u00e7\u00f5es para o \u201cper\u00edodo sab\u00e1tico\u201d se limitam a pa\u00edses governados por aliados de Lula, e com forte controle sobre o sistema judicial.<\/p>\n<p>O cuidado dos lulistas que defendem o \u201cex\u00edlio\u201d \u00e9 que o pa\u00eds anfitri\u00e3o n\u00e3o atenda eventuais pedidos de extradi\u00e7\u00e3o da Justi\u00e7a brasileira.\u00a0Entre os pa\u00edses listados para o \u201cper\u00edodo sab\u00e1tico\u201d de Lula est\u00e3o, al\u00e9m do Uruguai, Bol\u00edvia, Venezuela, Equador e Nicar\u00e1gua.<\/p>\n","protected":false},"excerpt":{"rendered":"<p>A iminente senten\u00e7a do juiz S\u00e9rgio Moro, numa das a\u00e7\u00f5es em que Lula \u00e9 acusado de corrup\u00e7\u00e3o, levou pr\u00f3ceres petistas a retomarem a discuss\u00e3o sobre alternativas de fuga do Pa\u00eds. Fonte ligada \u00e0 c\u00fapula do PT confirmou as discuss\u00f5es, mas nega ser uma \u201cfuga\u201d, e sim \u201cper\u00edodo sab\u00e1tico\u201d em outro pa\u00eds. Uma das op\u00e7\u00f5es do [&hellip;]<\/p>\n","protected":false},"author":2,"featured_media":66119,"comment_status":"open","ping_status":"open","sticky":false,"template":"","format":"standard","meta":{"footnotes":"","_links_to":"","_links_to_target":""},"categories":[1],"tags":[],"class_list":["post-66118","post","type-post","status-publish","format-standard","has-post-thumbnail","hentry","category-geral"],"views":1141,"_links":{"self":[{"href":"https:\/\/www.sudoestehoje.com.br\/novoportal\/wp-json\/wp\/v2\/posts\/66118","targetHints":{"allow":["GET"]}}],"collection":[{"href":"https:\/\/www.sudoestehoje.com.br\/novoportal\/wp-json\/wp\/v2\/posts"}],"about":[{"href":"https:\/\/www.sudoestehoje.com.br\/novoportal\/wp-json\/wp\/v2\/types\/post"}],"author":[{"embeddable":true,"href":"https:\/\/www.sudoestehoje.com.br\/novoportal\/wp-json\/wp\/v2\/users\/2"}],"replies":[{"embeddable":true,"href":"https:\/\/www.sudoestehoje.com.br\/novoportal\/wp-json\/wp\/v2\/comments?post=66118"}],"version-history":[{"count":1,"href":"https:\/\/www.sudoestehoje.com.br\/novoportal\/wp-json\/wp\/v2\/posts\/66118\/revisions"}],"predecessor-version":[{"id":66120,"href":"https:\/\/www.sudoestehoje.com.br\/novoportal\/wp-json\/wp\/v2\/posts\/66118\/revisions\/66120"}],"wp:featuredmedia":[{"embeddable":true,"href":"https:\/\/www.sudoestehoje.com.br\/novoportal\/wp-json\/wp\/v2\/media\/66119"}],"wp:attachment":[{"href":"https:\/\/www.sudoestehoje.com.br\/novoportal\/wp-json\/wp\/v2\/media?parent=66118"}],"wp:term":[{"taxonomy":"category","embeddable":true,"href":"https:\/\/www.sudoestehoje.com.br\/novoportal\/wp-json\/wp\/v2\/categories?post=66118"},{"taxonomy":"post_tag","embeddable":true,"href":"https:\/\/www.sudoestehoje.com.br\/novoportal\/wp-json\/wp\/v2\/tags?post=66118"}],"curies":[{"name":"wp","href":"https:\/\/api.w.org\/{rel}","templated":true}]}}