
{"id":66100,"date":"2017-06-23T19:10:58","date_gmt":"2017-06-23T22:10:58","guid":{"rendered":"http:\/\/www.sudoestehoje.com.br\/novoportal\/?p=66100"},"modified":"2017-06-23T20:42:30","modified_gmt":"2017-06-23T23:42:30","slug":"abertura-do-sao-joao-em-itapetinga","status":"publish","type":"post","link":"https:\/\/www.sudoestehoje.com.br\/novoportal\/2017\/06\/23\/abertura-do-sao-joao-em-itapetinga\/","title":{"rendered":"ABERTURA DO S\u00c3O JO\u00c3O EM ITAPETINGA"},"content":{"rendered":"<p style=\"margin: 0cm; margin-bottom: .0001pt; background: white;\">\n<div id=\"attachment_66105\" style=\"width: 510px\" class=\"wp-caption aligncenter\"><a href=\"http:\/\/www.sudoestehoje.com.br\/novoportal\/wp-content\/uploads\/2017\/06\/SJ-5.jpg\"><img loading=\"lazy\" decoding=\"async\" aria-describedby=\"caption-attachment-66105\" class=\"size-medium wp-image-66105\" src=\"http:\/\/www.sudoestehoje.com.br\/novoportal\/wp-content\/uploads\/2017\/06\/SJ-5-500x375.jpg\" alt=\"\" width=\"500\" height=\"375\" srcset=\"https:\/\/www.sudoestehoje.com.br\/novoportal\/wp-content\/uploads\/2017\/06\/SJ-5-500x375.jpg 500w, https:\/\/www.sudoestehoje.com.br\/novoportal\/wp-content\/uploads\/2017\/06\/SJ-5.jpg 640w\" sizes=\"auto, (max-width: 500px) 100vw, 500px\" \/><\/a><p id=\"caption-attachment-66105\" class=\"wp-caption-text\">ABERTURA DO S\u00c3O JO\u00c3O DE ITAPETINGA 2017<\/p><\/div>\n<p style=\"margin: 0cm; margin-bottom: .0001pt; background: white;\"><span style=\"font-family: 'Arial','sans-serif'; color: #1d2129;\">J\u00e1 considerado um das melhores festas de S\u00e3o Jo\u00e3o dos \u00faltimos anos em Itapetinga, de forma tranquila e animada come\u00e7ou o Arrai\u00e1 do Vaqueiro, na quinta-feira, 22. Mesmo debaixo de uma chuvinha fina e fria, a popula\u00e7\u00e3o cantou ao som das bandas Sivirina Xique-Xique, Larissa Gomes, Kaio Oliveira e Musical D&#8217;Lyra.<\/span><\/p>\n<p style=\"margin: 0cm; margin-bottom: .0001pt; background: white;\"><span style=\"font-family: 'Arial','sans-serif'; color: #1d2129;\">\u00a0<\/span><\/p>\n<p style=\"margin: 0cm; margin-bottom: .0001pt; background: white;\"><span style=\"font-family: 'Arial','sans-serif'; color: #1d2129;\">Para abrir a noite, a banda Sivirina trouxe o que h\u00e1 de mais aut\u00eantico no forr\u00f3 nordestino. Arrasta-p\u00e9, xote e bai\u00e3o, levanta<\/span><span class=\"yiv9755399065textexposedshow\"><span id=\"yui_3_16_0_ym19_1_1498260577451_6475\" style=\"-webkit-padding-start: 0px;\">ram o p\u00f3 na Lagoa.<\/span><\/span><\/p>\n<p style=\"margin: 0cm; margin-bottom: .0001pt; background: white;\"><span class=\"yiv9755399065textexposedshow\"><span style=\"font-family: 'Arial','sans-serif'; color: #1d2129;\">\u00a0<\/span><\/span><\/p>\n<p style=\"margin: 0cm; margin-bottom: .0001pt; background: white;\"><span class=\"yiv9755399065textexposedshow\"><span style=\"font-family: 'Arial','sans-serif'; color: #1d2129;\">Em seguida, Larissa Gomes trouxe o arrocha apaixonado e a mulherada contou em alto e bom som que \u201cA sua ex voltou\u201d. Kaio Oliveira chegou cheio de \u2018sofr\u00eancia\u2019 para fazer todo mundo arrochar. Com o bord\u00e3o \u201cAooo trem\u201d, Kaio agitou os foli\u00f5es.<\/span><\/span><\/p>\n<p style=\"margin: 0cm; margin-bottom: .0001pt; background: white;\"><span class=\"yiv9755399065textexposedshow\"><span style=\"font-family: 'Arial','sans-serif'; color: #1d2129;\">\u00a0<\/span><\/span><span style=\"font-family: 'Arial','sans-serif'; color: #1d2129;\"><br style=\"-webkit-padding-start: 0px;\" \/><span class=\"yiv9755399065textexposedshow\">A festa correu com anima\u00e7\u00e3o e tranquilidade. Um sistema de seguran\u00e7a foi armado com revista, v\u00eddeo monitoramento e toda a vigil\u00e2ncia da Pol\u00edcia Militar, Guarda Municipal, equipe de Seguran\u00e7a Particular.<\/span><\/span><\/p>\n<p style=\"margin: 0cm; margin-bottom: .0001pt; background: white;\"><span class=\"yiv9755399065textexposedshow\"><span style=\"font-family: 'Arial','sans-serif'; color: #1d2129;\">\u00a0<\/span><\/span><\/p>\n<p style=\"margin: 0cm; margin-bottom: .0001pt; background: white;\"><span class=\"yiv9755399065textexposedshow\"><span style=\"font-family: 'Arial','sans-serif'; color: #1d2129;\">A equipe Anjos do Asfalto e um grupo da Secretaria da Sa\u00fade tamb\u00e9m estavam a postos para qualquer ocorr\u00eancia. Mas felizmente eles n\u00e3o precisaram ser acionados.<\/span><\/span><\/p>\n<p style=\"margin: 0cm; margin-bottom: .0001pt; background: white;\"><span style=\"font-family: 'Arial','sans-serif'; color: black;\">\u00a0<\/span><\/p>\n<p id=\"yui_3_16_0_ym19_1_1498260577451_6477\" style=\"margin: 0cm; margin-bottom: .0001pt; background: white; -webkit-padding-start: 0px; font-variant-ligatures: normal; font-variant-caps: normal; orphans: 2; text-align: start; widows: 2; -webkit-text-stroke-width: 0px; text-decoration-style: initial; text-decoration-color: initial; word-spacing: 0px;\"><span id=\"yui_3_16_0_ym19_1_1498260577451_6476\" style=\"-webkit-padding-start: 0px;\"><span class=\"yiv9755399065textexposedshow\"><span style=\"font-family: 'Arial','sans-serif'; color: #1d2129;\">O resgate do S\u00e3o Jo\u00e3o \u00a0de Itapetinga come\u00e7ou! A popula\u00e7\u00e3o pode sentir a esperan\u00e7a de ter de volta as suas principais tradi\u00e7\u00f5es culturais.<\/span> \/\/ Ascom<\/span><\/span><\/p>\n\n\t\t<style type=\"text\/css\">\n\t\t\t#gallery-1 {\n\t\t\t\tmargin: auto;\n\t\t\t}\n\t\t\t#gallery-1 .gallery-item {\n\t\t\t\tfloat: left;\n\t\t\t\tmargin-top: 10px;\n\t\t\t\ttext-align: center;\n\t\t\t\twidth: 33%;\n\t\t\t}\n\t\t\t#gallery-1 img {\n\t\t\t\tborder: 2px solid #cfcfcf;\n\t\t\t}\n\t\t\t#gallery-1 .gallery-caption {\n\t\t\t\tmargin-left: 0;\n\t\t\t}\n\t\t\t\/* see gallery_shortcode() in wp-includes\/media.php *\/\n\t\t<\/style>\n\t\t<div id='gallery-1' class='gallery galleryid-66100 gallery-columns-3 gallery-size-thumbnail'><dl class='gallery-item'>\n\t\t\t<dt class='gallery-icon landscape'>\n\t\t\t\t<a href='https:\/\/www.sudoestehoje.com.br\/novoportal\/2017\/06\/23\/abertura-do-sao-joao-em-itapetinga\/sj-1-3\/'><img loading=\"lazy\" decoding=\"async\" width=\"150\" height=\"150\" src=\"https:\/\/www.sudoestehoje.com.br\/novoportal\/wp-content\/uploads\/2017\/06\/SJ-1-1-150x150.jpg\" class=\"attachment-thumbnail size-thumbnail\" alt=\"\" \/><\/a>\n\t\t\t<\/dt><\/dl><dl class='gallery-item'>\n\t\t\t<dt class='gallery-icon landscape'>\n\t\t\t\t<a href='https:\/\/www.sudoestehoje.com.br\/novoportal\/2017\/06\/23\/abertura-do-sao-joao-em-itapetinga\/sj-6\/'><img loading=\"lazy\" decoding=\"async\" width=\"150\" height=\"150\" src=\"https:\/\/www.sudoestehoje.com.br\/novoportal\/wp-content\/uploads\/2017\/06\/SJ-6-150x150.jpg\" class=\"attachment-thumbnail size-thumbnail\" alt=\"\" \/><\/a>\n\t\t\t<\/dt><\/dl><dl class='gallery-item'>\n\t\t\t<dt class='gallery-icon landscape'>\n\t\t\t\t<a href='https:\/\/www.sudoestehoje.com.br\/novoportal\/2017\/06\/23\/abertura-do-sao-joao-em-itapetinga\/sj-4-2\/'><img loading=\"lazy\" decoding=\"async\" width=\"150\" height=\"150\" src=\"https:\/\/www.sudoestehoje.com.br\/novoportal\/wp-content\/uploads\/2017\/06\/SJ-4-150x150.jpg\" class=\"attachment-thumbnail size-thumbnail\" alt=\"\" \/><\/a>\n\t\t\t<\/dt><\/dl><br style=\"clear: both\" \/><dl class='gallery-item'>\n\t\t\t<dt class='gallery-icon landscape'>\n\t\t\t\t<a href='https:\/\/www.sudoestehoje.com.br\/novoportal\/2017\/06\/23\/abertura-do-sao-joao-em-itapetinga\/sj-2-3\/'><img loading=\"lazy\" decoding=\"async\" width=\"150\" height=\"150\" src=\"https:\/\/www.sudoestehoje.com.br\/novoportal\/wp-content\/uploads\/2017\/06\/SJ-2-150x150.jpg\" class=\"attachment-thumbnail size-thumbnail\" alt=\"\" \/><\/a>\n\t\t\t<\/dt><\/dl><dl class='gallery-item'>\n\t\t\t<dt class='gallery-icon landscape'>\n\t\t\t\t<a href='https:\/\/www.sudoestehoje.com.br\/novoportal\/2017\/06\/23\/abertura-do-sao-joao-em-itapetinga\/sj-7-2\/'><img loading=\"lazy\" decoding=\"async\" width=\"150\" height=\"150\" src=\"https:\/\/www.sudoestehoje.com.br\/novoportal\/wp-content\/uploads\/2017\/06\/SJ-7-1-150x150.jpg\" class=\"attachment-thumbnail size-thumbnail\" alt=\"\" \/><\/a>\n\t\t\t<\/dt><\/dl><dl class='gallery-item'>\n\t\t\t<dt class='gallery-icon landscape'>\n\t\t\t\t<a href='https:\/\/www.sudoestehoje.com.br\/novoportal\/2017\/06\/23\/abertura-do-sao-joao-em-itapetinga\/sj-8\/'><img loading=\"lazy\" decoding=\"async\" width=\"150\" height=\"150\" src=\"https:\/\/www.sudoestehoje.com.br\/novoportal\/wp-content\/uploads\/2017\/06\/SJ-150x150.jpg\" class=\"attachment-thumbnail size-thumbnail\" alt=\"\" \/><\/a>\n\t\t\t<\/dt><\/dl><br style=\"clear: both\" \/>\n\t\t<\/div>\n\n","protected":false},"excerpt":{"rendered":"<p>J\u00e1 considerado um das melhores festas de S\u00e3o Jo\u00e3o dos \u00faltimos anos em Itapetinga, de forma tranquila e animada come\u00e7ou o Arrai\u00e1 do Vaqueiro, na quinta-feira, 22. Mesmo debaixo de uma chuvinha fina e fria, a popula\u00e7\u00e3o cantou ao som das bandas Sivirina Xique-Xique, Larissa Gomes, Kaio Oliveira e Musical D&#8217;Lyra. \u00a0 Para abrir a [&hellip;]<\/p>\n","protected":false},"author":2,"featured_media":66105,"comment_status":"open","ping_status":"open","sticky":false,"template":"","format":"standard","meta":{"footnotes":"","_links_to":"","_links_to_target":""},"categories":[1],"tags":[],"class_list":["post-66100","post","type-post","status-publish","format-standard","has-post-thumbnail","hentry","category-geral"],"views":2975,"_links":{"self":[{"href":"https:\/\/www.sudoestehoje.com.br\/novoportal\/wp-json\/wp\/v2\/posts\/66100","targetHints":{"allow":["GET"]}}],"collection":[{"href":"https:\/\/www.sudoestehoje.com.br\/novoportal\/wp-json\/wp\/v2\/posts"}],"about":[{"href":"https:\/\/www.sudoestehoje.com.br\/novoportal\/wp-json\/wp\/v2\/types\/post"}],"author":[{"embeddable":true,"href":"https:\/\/www.sudoestehoje.com.br\/novoportal\/wp-json\/wp\/v2\/users\/2"}],"replies":[{"embeddable":true,"href":"https:\/\/www.sudoestehoje.com.br\/novoportal\/wp-json\/wp\/v2\/comments?post=66100"}],"version-history":[{"count":5,"href":"https:\/\/www.sudoestehoje.com.br\/novoportal\/wp-json\/wp\/v2\/posts\/66100\/revisions"}],"predecessor-version":[{"id":66117,"href":"https:\/\/www.sudoestehoje.com.br\/novoportal\/wp-json\/wp\/v2\/posts\/66100\/revisions\/66117"}],"wp:featuredmedia":[{"embeddable":true,"href":"https:\/\/www.sudoestehoje.com.br\/novoportal\/wp-json\/wp\/v2\/media\/66105"}],"wp:attachment":[{"href":"https:\/\/www.sudoestehoje.com.br\/novoportal\/wp-json\/wp\/v2\/media?parent=66100"}],"wp:term":[{"taxonomy":"category","embeddable":true,"href":"https:\/\/www.sudoestehoje.com.br\/novoportal\/wp-json\/wp\/v2\/categories?post=66100"},{"taxonomy":"post_tag","embeddable":true,"href":"https:\/\/www.sudoestehoje.com.br\/novoportal\/wp-json\/wp\/v2\/tags?post=66100"}],"curies":[{"name":"wp","href":"https:\/\/api.w.org\/{rel}","templated":true}]}}