
{"id":66055,"date":"2017-06-20T22:27:58","date_gmt":"2017-06-21T01:27:58","guid":{"rendered":"http:\/\/www.sudoestehoje.com.br\/novoportal\/?p=66055"},"modified":"2017-06-20T22:27:58","modified_gmt":"2017-06-21T01:27:58","slug":"petrolina-barraca-de-fogos-explode-atingindo-carros-casas-e-cemiterio","status":"publish","type":"post","link":"https:\/\/www.sudoestehoje.com.br\/novoportal\/2017\/06\/20\/petrolina-barraca-de-fogos-explode-atingindo-carros-casas-e-cemiterio\/","title":{"rendered":"PETROLINA: BARRACA DE FOGOS EXPLODE, ATINGINDO CARROS, CASAS E CEMIT\u00c9RIO"},"content":{"rendered":"<div id=\"esquerda\">\n<div id=\"caixa-noticia\">\n<div id=\"data-postagem\" class=\"data-postagem\"><a href=\"http:\/\/www.sudoestehoje.com.br\/novoportal\/wp-content\/uploads\/2017\/06\/petro-1.jpg\"><img loading=\"lazy\" decoding=\"async\" class=\"aligncenter size-medium wp-image-66057\" src=\"http:\/\/www.sudoestehoje.com.br\/novoportal\/wp-content\/uploads\/2017\/06\/petro-1-500x301.jpg\" alt=\"\" width=\"500\" height=\"301\" srcset=\"https:\/\/www.sudoestehoje.com.br\/novoportal\/wp-content\/uploads\/2017\/06\/petro-1-500x301.jpg 500w, https:\/\/www.sudoestehoje.com.br\/novoportal\/wp-content\/uploads\/2017\/06\/petro-1-768x462.jpg 768w, https:\/\/www.sudoestehoje.com.br\/novoportal\/wp-content\/uploads\/2017\/06\/petro-1-700x422.jpg 700w, https:\/\/www.sudoestehoje.com.br\/novoportal\/wp-content\/uploads\/2017\/06\/petro-1.jpg 930w\" sizes=\"auto, (max-width: 500px) 100vw, 500px\" \/><\/a><\/div>\n<div id=\"texto\">\n<p>No final da manh\u00e3 desta ter\u00e7a-feira (20), ouviu-se em diversos bairros de Petrolina (PE), um barulho de enorme explos\u00e3o, assustando grande parte da popula\u00e7\u00e3o da cidade.<\/p>\n<p><a href=\"http:\/\/www.sudoestehoje.com.br\/novoportal\/wp-content\/uploads\/2017\/06\/petro-3.jpg\"><img loading=\"lazy\" decoding=\"async\" class=\"aligncenter size-medium wp-image-66058\" src=\"http:\/\/www.sudoestehoje.com.br\/novoportal\/wp-content\/uploads\/2017\/06\/petro-3-500x301.jpg\" alt=\"\" width=\"500\" height=\"301\" srcset=\"https:\/\/www.sudoestehoje.com.br\/novoportal\/wp-content\/uploads\/2017\/06\/petro-3-500x301.jpg 500w, https:\/\/www.sudoestehoje.com.br\/novoportal\/wp-content\/uploads\/2017\/06\/petro-3-768x462.jpg 768w, https:\/\/www.sudoestehoje.com.br\/novoportal\/wp-content\/uploads\/2017\/06\/petro-3-700x422.jpg 700w, https:\/\/www.sudoestehoje.com.br\/novoportal\/wp-content\/uploads\/2017\/06\/petro-3.jpg 930w\" sizes=\"auto, (max-width: 500px) 100vw, 500px\" \/><\/a><\/p>\n<p>Tratava-se de uma barraca de fogos, localizada\u00a0pr\u00f3ximo ao cemit\u00e9rio central da cidade, que pegou fogo, e com isso, disparou v\u00e1rios fogos de artif\u00edcio.\u00a0Felizmente, n\u00e3o houve\u00a0v\u00edtimas fatais, e a causa da explos\u00e3o est\u00e1 sendo investigada pelo Corpo de Bombeiros.<\/p>\n<p><a href=\"http:\/\/www.sudoestehoje.com.br\/novoportal\/wp-content\/uploads\/2017\/06\/petro-2.jpg\"><img loading=\"lazy\" decoding=\"async\" class=\"aligncenter size-medium wp-image-66059\" src=\"http:\/\/www.sudoestehoje.com.br\/novoportal\/wp-content\/uploads\/2017\/06\/petro-2-500x301.jpg\" alt=\"\" width=\"500\" height=\"301\" srcset=\"https:\/\/www.sudoestehoje.com.br\/novoportal\/wp-content\/uploads\/2017\/06\/petro-2-500x301.jpg 500w, https:\/\/www.sudoestehoje.com.br\/novoportal\/wp-content\/uploads\/2017\/06\/petro-2-768x462.jpg 768w, https:\/\/www.sudoestehoje.com.br\/novoportal\/wp-content\/uploads\/2017\/06\/petro-2-700x422.jpg 700w, https:\/\/www.sudoestehoje.com.br\/novoportal\/wp-content\/uploads\/2017\/06\/petro-2.jpg 930w\" sizes=\"auto, (max-width: 500px) 100vw, 500px\" \/><\/a><\/p>\n<p>Ainda, segundo informa\u00e7\u00f5es do Corpo de Bombeiros, as v\u00edtimas atingidas pela explos\u00e3o da barraca de fogos registraram\u00a0apenas escoria\u00e7\u00f5es leves. <strong><em>Veja v\u00eddeo:<\/em><\/strong><\/p>\n<p><iframe loading=\"lazy\" title=\"Barraca de Fogos pega fogo em Petrolina\" width=\"500\" height=\"281\" src=\"https:\/\/www.youtube.com\/embed\/9sBlt0liDZo?feature=oembed\" frameborder=\"0\" allow=\"accelerometer; autoplay; clipboard-write; encrypted-media; gyroscope; picture-in-picture; web-share\" referrerpolicy=\"strict-origin-when-cross-origin\" allowfullscreen><\/iframe><\/p>\n<\/div>\n<\/div>\n<\/div>\n","protected":false},"excerpt":{"rendered":"<p>No final da manh\u00e3 desta ter\u00e7a-feira (20), ouviu-se em diversos bairros de Petrolina (PE), um barulho de enorme explos\u00e3o, assustando grande parte da popula\u00e7\u00e3o da cidade. Tratava-se de uma barraca de fogos, localizada\u00a0pr\u00f3ximo ao cemit\u00e9rio central da cidade, que pegou fogo, e com isso, disparou v\u00e1rios fogos de artif\u00edcio.\u00a0Felizmente, n\u00e3o houve\u00a0v\u00edtimas fatais, e a causa [&hellip;]<\/p>\n","protected":false},"author":2,"featured_media":0,"comment_status":"open","ping_status":"open","sticky":false,"template":"","format":"standard","meta":{"footnotes":"","_links_to":"","_links_to_target":""},"categories":[1],"tags":[],"class_list":["post-66055","post","type-post","status-publish","format-standard","hentry","category-geral"],"views":4360,"_links":{"self":[{"href":"https:\/\/www.sudoestehoje.com.br\/novoportal\/wp-json\/wp\/v2\/posts\/66055","targetHints":{"allow":["GET"]}}],"collection":[{"href":"https:\/\/www.sudoestehoje.com.br\/novoportal\/wp-json\/wp\/v2\/posts"}],"about":[{"href":"https:\/\/www.sudoestehoje.com.br\/novoportal\/wp-json\/wp\/v2\/types\/post"}],"author":[{"embeddable":true,"href":"https:\/\/www.sudoestehoje.com.br\/novoportal\/wp-json\/wp\/v2\/users\/2"}],"replies":[{"embeddable":true,"href":"https:\/\/www.sudoestehoje.com.br\/novoportal\/wp-json\/wp\/v2\/comments?post=66055"}],"version-history":[{"count":2,"href":"https:\/\/www.sudoestehoje.com.br\/novoportal\/wp-json\/wp\/v2\/posts\/66055\/revisions"}],"predecessor-version":[{"id":66060,"href":"https:\/\/www.sudoestehoje.com.br\/novoportal\/wp-json\/wp\/v2\/posts\/66055\/revisions\/66060"}],"wp:attachment":[{"href":"https:\/\/www.sudoestehoje.com.br\/novoportal\/wp-json\/wp\/v2\/media?parent=66055"}],"wp:term":[{"taxonomy":"category","embeddable":true,"href":"https:\/\/www.sudoestehoje.com.br\/novoportal\/wp-json\/wp\/v2\/categories?post=66055"},{"taxonomy":"post_tag","embeddable":true,"href":"https:\/\/www.sudoestehoje.com.br\/novoportal\/wp-json\/wp\/v2\/tags?post=66055"}],"curies":[{"name":"wp","href":"https:\/\/api.w.org\/{rel}","templated":true}]}}