
{"id":66033,"date":"2017-06-20T19:52:32","date_gmt":"2017-06-20T22:52:32","guid":{"rendered":"http:\/\/www.sudoestehoje.com.br\/novoportal\/?p=66033"},"modified":"2017-06-20T19:59:10","modified_gmt":"2017-06-20T22:59:10","slug":"supremo-manda-soltar-irma-e-aecio-neves","status":"publish","type":"post","link":"https:\/\/www.sudoestehoje.com.br\/novoportal\/2017\/06\/20\/supremo-manda-soltar-irma-e-aecio-neves\/","title":{"rendered":"SUPREMO MANDA IRM\u00c3 E A\u00c9CIO NEVES PARA PRIS\u00c3O DOMICILIAR COM TORNOZELEIRA"},"content":{"rendered":"<p><a href=\"http:\/\/www.sudoestehoje.com.br\/novoportal\/wp-content\/uploads\/2017\/06\/brasil-andrea-neves-20170518-001.jpg\"><img loading=\"lazy\" decoding=\"async\" class=\"aligncenter size-medium wp-image-66034\" src=\"http:\/\/www.sudoestehoje.com.br\/novoportal\/wp-content\/uploads\/2017\/06\/brasil-andrea-neves-20170518-001-500x333.jpg\" alt=\"\" width=\"500\" height=\"333\" srcset=\"https:\/\/www.sudoestehoje.com.br\/novoportal\/wp-content\/uploads\/2017\/06\/brasil-andrea-neves-20170518-001-500x333.jpg 500w, https:\/\/www.sudoestehoje.com.br\/novoportal\/wp-content\/uploads\/2017\/06\/brasil-andrea-neves-20170518-001.jpg 680w\" sizes=\"auto, (max-width: 500px) 100vw, 500px\" \/><\/a><\/p>\n<p>Depois de decidir converter em pris\u00e3o domiciliar a pris\u00e3o preventiva do ex-assessor do senador Zez\u00e9 Perrella (PMDB-MG) Mendherson Souza Lima, a Primeira Turma do Supremo Tribunal Federal (STF) estendeu o benef\u00edcio \u00e0 jornalista Andrea Neves, irm\u00e3 do senador afastado A\u00e9cio Neves (PSDB-MG), e ao primo do tucano, Frederico Pacheco de Medeiros. Como medidas cautelares impostas pelo colegiado, Andrea e Pacheco de Medeiros dever\u00e3o, assim como Mendherson, ser monitorados por tornozeleira eletr\u00f4nica e entregar seus passaportes.<\/p>\n","protected":false},"excerpt":{"rendered":"<p>Depois de decidir converter em pris\u00e3o domiciliar a pris\u00e3o preventiva do ex-assessor do senador Zez\u00e9 Perrella (PMDB-MG) Mendherson Souza Lima, a Primeira Turma do Supremo Tribunal Federal (STF) estendeu o benef\u00edcio \u00e0 jornalista Andrea Neves, irm\u00e3 do senador afastado A\u00e9cio Neves (PSDB-MG), e ao primo do tucano, Frederico Pacheco de Medeiros. Como medidas cautelares impostas [&hellip;]<\/p>\n","protected":false},"author":2,"featured_media":66034,"comment_status":"open","ping_status":"open","sticky":false,"template":"","format":"standard","meta":{"footnotes":"","_links_to":"","_links_to_target":""},"categories":[1],"tags":[],"class_list":["post-66033","post","type-post","status-publish","format-standard","has-post-thumbnail","hentry","category-geral"],"views":1159,"_links":{"self":[{"href":"https:\/\/www.sudoestehoje.com.br\/novoportal\/wp-json\/wp\/v2\/posts\/66033","targetHints":{"allow":["GET"]}}],"collection":[{"href":"https:\/\/www.sudoestehoje.com.br\/novoportal\/wp-json\/wp\/v2\/posts"}],"about":[{"href":"https:\/\/www.sudoestehoje.com.br\/novoportal\/wp-json\/wp\/v2\/types\/post"}],"author":[{"embeddable":true,"href":"https:\/\/www.sudoestehoje.com.br\/novoportal\/wp-json\/wp\/v2\/users\/2"}],"replies":[{"embeddable":true,"href":"https:\/\/www.sudoestehoje.com.br\/novoportal\/wp-json\/wp\/v2\/comments?post=66033"}],"version-history":[{"count":3,"href":"https:\/\/www.sudoestehoje.com.br\/novoportal\/wp-json\/wp\/v2\/posts\/66033\/revisions"}],"predecessor-version":[{"id":66037,"href":"https:\/\/www.sudoestehoje.com.br\/novoportal\/wp-json\/wp\/v2\/posts\/66033\/revisions\/66037"}],"wp:featuredmedia":[{"embeddable":true,"href":"https:\/\/www.sudoestehoje.com.br\/novoportal\/wp-json\/wp\/v2\/media\/66034"}],"wp:attachment":[{"href":"https:\/\/www.sudoestehoje.com.br\/novoportal\/wp-json\/wp\/v2\/media?parent=66033"}],"wp:term":[{"taxonomy":"category","embeddable":true,"href":"https:\/\/www.sudoestehoje.com.br\/novoportal\/wp-json\/wp\/v2\/categories?post=66033"},{"taxonomy":"post_tag","embeddable":true,"href":"https:\/\/www.sudoestehoje.com.br\/novoportal\/wp-json\/wp\/v2\/tags?post=66033"}],"curies":[{"name":"wp","href":"https:\/\/api.w.org\/{rel}","templated":true}]}}