
{"id":66030,"date":"2017-06-20T19:40:28","date_gmt":"2017-06-20T22:40:28","guid":{"rendered":"http:\/\/www.sudoestehoje.com.br\/novoportal\/?p=66030"},"modified":"2017-06-20T19:40:28","modified_gmt":"2017-06-20T22:40:28","slug":"itapetinga-prefeitura-mantem-dialogo-com-professores-da-rede-municipal","status":"publish","type":"post","link":"https:\/\/www.sudoestehoje.com.br\/novoportal\/2017\/06\/20\/itapetinga-prefeitura-mantem-dialogo-com-professores-da-rede-municipal\/","title":{"rendered":"ITAPETINGA: PREFEITURA MANT\u00c9M DI\u00c1LOGO COM PROFESSORES DA REDE MUNICIPAL"},"content":{"rendered":"<div id=\"yui_3_16_0_ym19_1_1497996904691_8717\" class=\"body undoreset\" tabindex=\"0\">\n<div id=\"yui_3_16_0_ym19_1_1497996904691_8736\" class=\"email-wrapped\">\n<div id=\"yiv3710973128\">\n<div id=\"yui_3_16_0_ym19_1_1497996904691_8735\" dir=\"ltr\">\n<div id=\"yiv3710973128divtagdefaultwrapper\" dir=\"ltr\">\n<p class=\"yiv3710973128MsoNormal\"><a href=\"http:\/\/www.sudoestehoje.com.br\/novoportal\/wp-content\/uploads\/2017\/06\/professores.jpg\"><img loading=\"lazy\" decoding=\"async\" class=\"aligncenter size-medium wp-image-66031\" src=\"http:\/\/www.sudoestehoje.com.br\/novoportal\/wp-content\/uploads\/2017\/06\/professores-500x331.jpg\" alt=\"\" width=\"500\" height=\"331\" srcset=\"https:\/\/www.sudoestehoje.com.br\/novoportal\/wp-content\/uploads\/2017\/06\/professores-500x331.jpg 500w, https:\/\/www.sudoestehoje.com.br\/novoportal\/wp-content\/uploads\/2017\/06\/professores.jpg 640w\" sizes=\"auto, (max-width: 500px) 100vw, 500px\" \/><\/a><\/p>\n<p id=\"yui_3_16_0_ym19_1_1497996904691_8734\" class=\"yiv3710973128MsoNormal\">Os professores municipais, em a\u00e7\u00e3o pela constante luta por seus direitos, fizeram manifesto nesta manh\u00e3, reivindicando ajuste salarial. Atenta \u00e0s necessidades da classe, a Prefeitura de Itapetinga, atrav\u00e9s dos secret\u00e1rios de Finan\u00e7as e Administra\u00e7\u00e3o, Orlando Ribeiro e Carlito Ferraz, convidou o grupo para o di\u00e1logo, em busca de uma solu\u00e7\u00e3o que atenda aos professores na medida das possibilidades do or\u00e7amento municipal.<\/p>\n<p id=\"yui_3_16_0_ym19_1_1497996904691_8742\" class=\"yiv3710973128MsoNormal\">Na oportunidade, os docentes explicaram que estavam ali cumprindo obriga\u00e7\u00f5es sociais e pol\u00edticas do grupo que n\u00e3o estavam ligadas a quest\u00f5es partid\u00e1rias. Os secret\u00e1rios deixaram claro que a governo municipal est\u00e1 aberto ao di\u00e1logo e que nenhum obst\u00e1culo ser\u00e1 imposto \u00e0 classe para que eles conhe\u00e7am as contas p\u00fablicas e as reais condi\u00e7\u00f5es or\u00e7ament\u00e1rias do munic\u00edpio.<\/p>\n<p id=\"yui_3_16_0_ym19_1_1497996904691_8744\" class=\"yiv3710973128MsoNormal\">Uma reuni\u00e3o que para tentar solucionar definitivamente o impasse foi marcada para \u00e0s 3h30.<\/p>\n<p id=\"yui_3_16_0_ym19_1_1497996904691_8746\" class=\"yiv3710973128MsoNormal\">A Prefeitura Municipal de Itapetinga acredita na essencialidade da educa\u00e7\u00e3o para a constru\u00e7\u00e3o de um munic\u00edpio promissor e na import\u00e2ncia do professor nesse processo. Por isso, nenhum tipo de embate ser\u00e1 travado com a classe e o di\u00e1logo ser\u00e1 sempre a principal arma em defesa dos direitos de todos os cidad\u00e3os. \/\/Ascom<\/p>\n<\/div>\n<\/div>\n<\/div>\n<\/div>\n<\/div>\n","protected":false},"excerpt":{"rendered":"<p>Os professores municipais, em a\u00e7\u00e3o pela constante luta por seus direitos, fizeram manifesto nesta manh\u00e3, reivindicando ajuste salarial. Atenta \u00e0s necessidades da classe, a Prefeitura de Itapetinga, atrav\u00e9s dos secret\u00e1rios de Finan\u00e7as e Administra\u00e7\u00e3o, Orlando Ribeiro e Carlito Ferraz, convidou o grupo para o di\u00e1logo, em busca de uma solu\u00e7\u00e3o que atenda aos professores na [&hellip;]<\/p>\n","protected":false},"author":2,"featured_media":66031,"comment_status":"open","ping_status":"open","sticky":false,"template":"","format":"standard","meta":{"footnotes":"","_links_to":"","_links_to_target":""},"categories":[1],"tags":[],"class_list":["post-66030","post","type-post","status-publish","format-standard","has-post-thumbnail","hentry","category-geral"],"views":1775,"_links":{"self":[{"href":"https:\/\/www.sudoestehoje.com.br\/novoportal\/wp-json\/wp\/v2\/posts\/66030","targetHints":{"allow":["GET"]}}],"collection":[{"href":"https:\/\/www.sudoestehoje.com.br\/novoportal\/wp-json\/wp\/v2\/posts"}],"about":[{"href":"https:\/\/www.sudoestehoje.com.br\/novoportal\/wp-json\/wp\/v2\/types\/post"}],"author":[{"embeddable":true,"href":"https:\/\/www.sudoestehoje.com.br\/novoportal\/wp-json\/wp\/v2\/users\/2"}],"replies":[{"embeddable":true,"href":"https:\/\/www.sudoestehoje.com.br\/novoportal\/wp-json\/wp\/v2\/comments?post=66030"}],"version-history":[{"count":1,"href":"https:\/\/www.sudoestehoje.com.br\/novoportal\/wp-json\/wp\/v2\/posts\/66030\/revisions"}],"predecessor-version":[{"id":66032,"href":"https:\/\/www.sudoestehoje.com.br\/novoportal\/wp-json\/wp\/v2\/posts\/66030\/revisions\/66032"}],"wp:featuredmedia":[{"embeddable":true,"href":"https:\/\/www.sudoestehoje.com.br\/novoportal\/wp-json\/wp\/v2\/media\/66031"}],"wp:attachment":[{"href":"https:\/\/www.sudoestehoje.com.br\/novoportal\/wp-json\/wp\/v2\/media?parent=66030"}],"wp:term":[{"taxonomy":"category","embeddable":true,"href":"https:\/\/www.sudoestehoje.com.br\/novoportal\/wp-json\/wp\/v2\/categories?post=66030"},{"taxonomy":"post_tag","embeddable":true,"href":"https:\/\/www.sudoestehoje.com.br\/novoportal\/wp-json\/wp\/v2\/tags?post=66030"}],"curies":[{"name":"wp","href":"https:\/\/api.w.org\/{rel}","templated":true}]}}