
{"id":66026,"date":"2017-06-20T11:06:33","date_gmt":"2017-06-20T14:06:33","guid":{"rendered":"http:\/\/www.sudoestehoje.com.br\/novoportal\/?p=66026"},"modified":"2017-06-20T11:06:33","modified_gmt":"2017-06-20T14:06:33","slug":"supremo-decide-nesta-terca-feira-sobre-pedido-de-prisao-de-aecio-neves","status":"publish","type":"post","link":"https:\/\/www.sudoestehoje.com.br\/novoportal\/2017\/06\/20\/supremo-decide-nesta-terca-feira-sobre-pedido-de-prisao-de-aecio-neves\/","title":{"rendered":"SUPREMO DECIDE NESTA TER\u00c7A-FEIRA SOBRE PEDIDO DE PRIS\u00c3O DE A\u00c9CIO NEVES"},"content":{"rendered":"<p><a href=\"http:\/\/www.sudoestehoje.com.br\/novoportal\/wp-content\/uploads\/2017\/06\/a\u00e9cio.jpg\"><img loading=\"lazy\" decoding=\"async\" class=\"aligncenter size-medium wp-image-66027\" src=\"http:\/\/www.sudoestehoje.com.br\/novoportal\/wp-content\/uploads\/2017\/06\/a\u00e9cio-500x299.jpg\" alt=\"\" width=\"500\" height=\"299\" srcset=\"https:\/\/www.sudoestehoje.com.br\/novoportal\/wp-content\/uploads\/2017\/06\/a\u00e9cio-500x299.jpg 500w, https:\/\/www.sudoestehoje.com.br\/novoportal\/wp-content\/uploads\/2017\/06\/a\u00e9cio-768x459.jpg 768w, https:\/\/www.sudoestehoje.com.br\/novoportal\/wp-content\/uploads\/2017\/06\/a\u00e9cio-700x419.jpg 700w, https:\/\/www.sudoestehoje.com.br\/novoportal\/wp-content\/uploads\/2017\/06\/a\u00e9cio.jpg 1000w\" sizes=\"auto, (max-width: 500px) 100vw, 500px\" \/><\/a>Duas a\u00e7\u00f5es relacionadas ao senador afastado A\u00e9cio Neves (PSDB-MG) devem ser analisadas pelo Supremo Tribunal Federal (STF) nesta ter\u00e7a-feira (20). Uma delas \u00e9 um pedido de pris\u00e3o contra o tucano solicitada pela Procuradoria-Geral da Rep\u00fablica (PGR).<\/p>\n<p>A outra a\u00e7\u00e3o trata sobre um recurso da defesa de A\u00e9cio para que seu afastamento das atividades parlamentares seja revertido. O afastamento foi determinado pelo ministro Edson Fachin h\u00e1 um m\u00eas.<\/p>\n<p>Caso o pedido de pris\u00e3o seja acatado pela Corte, o Senado deve se reunir para decidir se mant\u00e9m ou n\u00e3o a pris\u00e3o, conforme prev\u00ea a Constitui\u00e7\u00e3o.<\/p>\n","protected":false},"excerpt":{"rendered":"<p>Duas a\u00e7\u00f5es relacionadas ao senador afastado A\u00e9cio Neves (PSDB-MG) devem ser analisadas pelo Supremo Tribunal Federal (STF) nesta ter\u00e7a-feira (20). Uma delas \u00e9 um pedido de pris\u00e3o contra o tucano solicitada pela Procuradoria-Geral da Rep\u00fablica (PGR). A outra a\u00e7\u00e3o trata sobre um recurso da defesa de A\u00e9cio para que seu afastamento das atividades parlamentares seja [&hellip;]<\/p>\n","protected":false},"author":2,"featured_media":66027,"comment_status":"open","ping_status":"open","sticky":false,"template":"","format":"standard","meta":{"footnotes":"","_links_to":"","_links_to_target":""},"categories":[1],"tags":[],"class_list":["post-66026","post","type-post","status-publish","format-standard","has-post-thumbnail","hentry","category-geral"],"views":998,"_links":{"self":[{"href":"https:\/\/www.sudoestehoje.com.br\/novoportal\/wp-json\/wp\/v2\/posts\/66026","targetHints":{"allow":["GET"]}}],"collection":[{"href":"https:\/\/www.sudoestehoje.com.br\/novoportal\/wp-json\/wp\/v2\/posts"}],"about":[{"href":"https:\/\/www.sudoestehoje.com.br\/novoportal\/wp-json\/wp\/v2\/types\/post"}],"author":[{"embeddable":true,"href":"https:\/\/www.sudoestehoje.com.br\/novoportal\/wp-json\/wp\/v2\/users\/2"}],"replies":[{"embeddable":true,"href":"https:\/\/www.sudoestehoje.com.br\/novoportal\/wp-json\/wp\/v2\/comments?post=66026"}],"version-history":[{"count":2,"href":"https:\/\/www.sudoestehoje.com.br\/novoportal\/wp-json\/wp\/v2\/posts\/66026\/revisions"}],"predecessor-version":[{"id":66029,"href":"https:\/\/www.sudoestehoje.com.br\/novoportal\/wp-json\/wp\/v2\/posts\/66026\/revisions\/66029"}],"wp:featuredmedia":[{"embeddable":true,"href":"https:\/\/www.sudoestehoje.com.br\/novoportal\/wp-json\/wp\/v2\/media\/66027"}],"wp:attachment":[{"href":"https:\/\/www.sudoestehoje.com.br\/novoportal\/wp-json\/wp\/v2\/media?parent=66026"}],"wp:term":[{"taxonomy":"category","embeddable":true,"href":"https:\/\/www.sudoestehoje.com.br\/novoportal\/wp-json\/wp\/v2\/categories?post=66026"},{"taxonomy":"post_tag","embeddable":true,"href":"https:\/\/www.sudoestehoje.com.br\/novoportal\/wp-json\/wp\/v2\/tags?post=66026"}],"curies":[{"name":"wp","href":"https:\/\/api.w.org\/{rel}","templated":true}]}}