
{"id":66009,"date":"2017-06-18T21:09:22","date_gmt":"2017-06-19T00:09:22","guid":{"rendered":"http:\/\/www.sudoestehoje.com.br\/novoportal\/?p=66009"},"modified":"2017-06-18T21:10:06","modified_gmt":"2017-06-19T00:10:06","slug":"itapetinga-cadeirante-atropelado-tem-5-anos-e-seu-estado-de-saude-e-grave","status":"publish","type":"post","link":"https:\/\/www.sudoestehoje.com.br\/novoportal\/2017\/06\/18\/itapetinga-cadeirante-atropelado-tem-5-anos-e-seu-estado-de-saude-e-grave\/","title":{"rendered":"ITAPETINGA: CADEIRANTE ATROPELADO TEM 5 ANOS E SEU ESTADO DE SA\u00daDE \u00c9 GRAVE"},"content":{"rendered":"<p><a href=\"http:\/\/www.sudoestehoje.com.br\/novoportal\/wp-content\/uploads\/2017\/06\/capotamento-1.jpeg\"><img loading=\"lazy\" decoding=\"async\" class=\"aligncenter size-full wp-image-66011\" src=\"http:\/\/www.sudoestehoje.com.br\/novoportal\/wp-content\/uploads\/2017\/06\/capotamento-1.jpeg\" alt=\"\" width=\"490\" height=\"276\" \/><\/a><\/p>\n<p>\u00c9 considerado grave o estado de sa\u00fade do pequeno Victor Ramos da Silva, de 5 anos, atropelado por um carro de passeio, na noite deste domingo (18), na Avenida J\u00falio Jos\u00e9 Rodrigues, em Itapetinga, no Sudoeste da Bahia.<\/p>\n<p>A crian\u00e7a est\u00e1 com suspeita de traumatismo craniano e teve que ser\u00a0transferida para o Hospital de Base de Vit\u00f3ria da Conquista para melhor\u00a0avalia\u00e7\u00e3o m\u00e9dica.<\/p>\n<p>O menino, que \u00e9 cadeirante, estava acompanhado da m\u00e3e\u00a0quando aconteceu o acidente. A m\u00e3e dele (que est\u00e1 gr\u00e1vida) escapou por\u00a0pouco de ser atingida pelo carro.<\/p>\n<p>Logo ap\u00f3s o atropelamento, o motorista perdeu o controle da\u00a0dire\u00e7\u00e3o do carro, capotou o ve\u00edculo e morreu no local. \/\/Informa\u00e7\u00f5es do Itapetinga Rep\u00f3rter<\/p>\n","protected":false},"excerpt":{"rendered":"<p>\u00c9 considerado grave o estado de sa\u00fade do pequeno Victor Ramos da Silva, de 5 anos, atropelado por um carro de passeio, na noite deste domingo (18), na Avenida J\u00falio Jos\u00e9 Rodrigues, em Itapetinga, no Sudoeste da Bahia. A crian\u00e7a est\u00e1 com suspeita de traumatismo craniano e teve que ser\u00a0transferida para o Hospital de Base [&hellip;]<\/p>\n","protected":false},"author":2,"featured_media":66011,"comment_status":"open","ping_status":"open","sticky":false,"template":"","format":"standard","meta":{"footnotes":"","_links_to":"","_links_to_target":""},"categories":[1],"tags":[],"class_list":["post-66009","post","type-post","status-publish","format-standard","has-post-thumbnail","hentry","category-geral"],"views":3155,"_links":{"self":[{"href":"https:\/\/www.sudoestehoje.com.br\/novoportal\/wp-json\/wp\/v2\/posts\/66009","targetHints":{"allow":["GET"]}}],"collection":[{"href":"https:\/\/www.sudoestehoje.com.br\/novoportal\/wp-json\/wp\/v2\/posts"}],"about":[{"href":"https:\/\/www.sudoestehoje.com.br\/novoportal\/wp-json\/wp\/v2\/types\/post"}],"author":[{"embeddable":true,"href":"https:\/\/www.sudoestehoje.com.br\/novoportal\/wp-json\/wp\/v2\/users\/2"}],"replies":[{"embeddable":true,"href":"https:\/\/www.sudoestehoje.com.br\/novoportal\/wp-json\/wp\/v2\/comments?post=66009"}],"version-history":[{"count":3,"href":"https:\/\/www.sudoestehoje.com.br\/novoportal\/wp-json\/wp\/v2\/posts\/66009\/revisions"}],"predecessor-version":[{"id":66014,"href":"https:\/\/www.sudoestehoje.com.br\/novoportal\/wp-json\/wp\/v2\/posts\/66009\/revisions\/66014"}],"wp:featuredmedia":[{"embeddable":true,"href":"https:\/\/www.sudoestehoje.com.br\/novoportal\/wp-json\/wp\/v2\/media\/66011"}],"wp:attachment":[{"href":"https:\/\/www.sudoestehoje.com.br\/novoportal\/wp-json\/wp\/v2\/media?parent=66009"}],"wp:term":[{"taxonomy":"category","embeddable":true,"href":"https:\/\/www.sudoestehoje.com.br\/novoportal\/wp-json\/wp\/v2\/categories?post=66009"},{"taxonomy":"post_tag","embeddable":true,"href":"https:\/\/www.sudoestehoje.com.br\/novoportal\/wp-json\/wp\/v2\/tags?post=66009"}],"curies":[{"name":"wp","href":"https:\/\/api.w.org\/{rel}","templated":true}]}}