
{"id":66,"date":"2010-09-14T19:31:52","date_gmt":"2010-09-14T22:31:52","guid":{"rendered":"http:\/\/sudoestehoje.tempsite.ws\/novoportal\/?p=66"},"modified":"2010-09-17T22:03:31","modified_gmt":"2010-09-18T01:03:31","slug":"itapetinga-campanha-eleitoral-continua-fria-e-indefinida","status":"publish","type":"post","link":"https:\/\/www.sudoestehoje.com.br\/novoportal\/2010\/09\/14\/itapetinga-campanha-eleitoral-continua-fria-e-indefinida\/","title":{"rendered":"ITAPETINGA: CAMPANHA ELEITORAL CONTINUA FRIA E INDEFINIDA"},"content":{"rendered":"<div style=\"text-align: center;\"><img loading=\"lazy\" decoding=\"async\" src=\"http:\/\/sudoestehoje.com.br\/web\/images\/stories\/wagner3.jpg\" border=\"0\" alt=\"\" width=\"442\" height=\"352\" \/><\/div>\n<div style=\"text-align: center;\">Palanques e pra\u00e7as vazios retratam o des\u00e2nimo do eleitorado<\/div>\n<p style=\"text-align: justify;\">ITAPETINGA: O quadro pol\u00edtico eleitoral em Itapetinga continua confuso e indefinido, \u00e0s vesperas das elei\u00e7\u00f5es.\u00a0O eleitorado ainda n\u00e3o &#8216;tomou gosto&#8217; pela campanha e o que chama mesmo\u00a0a aten\u00e7\u00e3o \u00e9 a falta de entusiasmo da popula\u00e7\u00e3o em rela\u00e7\u00e3o \u00e0s dezenas de candidatos que se apresentam.\u00a0Nos eventos e manifesta\u00e7\u00f5es\u00a0pol\u00edticas,\u00a0\u00a0quando n\u00e3o s\u00e3o as claques pagas e grupos de apoio\u00a0para levantar as bandeiras, o que se observa \u00e9 que o &#8220;eleitor normal&#8221; n\u00e3o\u00a0est\u00e1 nem a\u00ed para os candidatos.<\/p>\n<p style=\"text-align: justify;\">A campanha carece de emo\u00e7\u00e3o. Nada de novo \u2013 os mesmos personagens, os mesmos discursos, as mesmas acusa\u00e7\u00f5es, as mesmas desculpas\u2026Tudo como era h\u00e1 muito tempo atr\u00e1s. Al\u00e9m de n\u00e3o ver os candidatos, a empolga\u00e7\u00e3o dos eleitores e novas mensagens, pode-se identificar outro problema: O facciosismo jornal\u00edstico das emissoras de radios, que chega a dar nojo.<\/p>\n<p style=\"text-align: justify;\">Sem conseguir mobilizar os eleitores para\u00a0eventos pol\u00edticos,\u00a0o\u00a0programa predileto dos candidatos e seus ilustres representantes \u00e9 visitar as feiras livres, onde a concentra\u00e7\u00e3o de pessoas \u00e9 garantida, nos finais de semana. As grandes &#8216;caminhadas&#8217; e\u00a0&#8216;domingueiras&#8217;, que arrastavam multid\u00f5es, viraram coisa do passado e ningu\u00e9m mais se arrisca em faz\u00ea-las, por falta de quorum.<\/p>\n<p style=\"text-align: justify;\">A t\u00e3o esperada &#8216;polariza\u00e7\u00e3o&#8217; entre os grupos dominantes da pol\u00edtica local, n\u00e3o aconteceu, favorecendo aos candidatos &#8220;estrangeiros&#8221; ou &#8220;paraquedistas&#8221;, o que pode levar a uma dissemina\u00e7\u00e3o ainda maior dos votos v\u00e1lidos nestas elei\u00e7\u00f5es. Prejuizo certo para os candidatos &#8216;locais&#8217;, que esperavam obter expressivas vota\u00e7\u00f5es, acima dos 8 ou 10 mil votos. Isto tamb\u00e9m virou coisa do passado, ou talvez de um outro futuro&#8230;<\/p>\n<p style=\"text-align: justify;\">Como a expectativa \u00e9 de que a campanha ganhe um novo f\u00f4lego nos \u00faltimos 20 dias, vamos esperar, a partir de hoje, \u00a0para ver o que acontece. Sinceramente, n\u00e3o acredito em grandes mudan\u00e7as.<\/p>\n<p style=\"text-align: justify;\">Davi Ferraz &#8211; Editor<\/p>\n","protected":false},"excerpt":{"rendered":"<p>Palanques e pra\u00e7as vazios retratam o des\u00e2nimo do eleitorado ITAPETINGA: O quadro pol\u00edtico eleitoral em Itapetinga continua confuso e indefinido, \u00e0s vesperas das elei\u00e7\u00f5es.\u00a0O eleitorado ainda n\u00e3o &#8216;tomou gosto&#8217; pela campanha e o que chama mesmo\u00a0a aten\u00e7\u00e3o \u00e9 a falta de entusiasmo da popula\u00e7\u00e3o em rela\u00e7\u00e3o \u00e0s dezenas de candidatos que se apresentam.\u00a0Nos eventos e [&hellip;]<\/p>\n","protected":false},"author":1,"featured_media":0,"comment_status":"open","ping_status":"open","sticky":false,"template":"","format":"standard","meta":{"footnotes":"","_links_to":"","_links_to_target":""},"categories":[1],"tags":[],"class_list":["post-66","post","type-post","status-publish","format-standard","hentry","category-geral"],"views":1171,"_links":{"self":[{"href":"https:\/\/www.sudoestehoje.com.br\/novoportal\/wp-json\/wp\/v2\/posts\/66","targetHints":{"allow":["GET"]}}],"collection":[{"href":"https:\/\/www.sudoestehoje.com.br\/novoportal\/wp-json\/wp\/v2\/posts"}],"about":[{"href":"https:\/\/www.sudoestehoje.com.br\/novoportal\/wp-json\/wp\/v2\/types\/post"}],"author":[{"embeddable":true,"href":"https:\/\/www.sudoestehoje.com.br\/novoportal\/wp-json\/wp\/v2\/users\/1"}],"replies":[{"embeddable":true,"href":"https:\/\/www.sudoestehoje.com.br\/novoportal\/wp-json\/wp\/v2\/comments?post=66"}],"version-history":[{"count":1,"href":"https:\/\/www.sudoestehoje.com.br\/novoportal\/wp-json\/wp\/v2\/posts\/66\/revisions"}],"predecessor-version":[{"id":67,"href":"https:\/\/www.sudoestehoje.com.br\/novoportal\/wp-json\/wp\/v2\/posts\/66\/revisions\/67"}],"wp:attachment":[{"href":"https:\/\/www.sudoestehoje.com.br\/novoportal\/wp-json\/wp\/v2\/media?parent=66"}],"wp:term":[{"taxonomy":"category","embeddable":true,"href":"https:\/\/www.sudoestehoje.com.br\/novoportal\/wp-json\/wp\/v2\/categories?post=66"},{"taxonomy":"post_tag","embeddable":true,"href":"https:\/\/www.sudoestehoje.com.br\/novoportal\/wp-json\/wp\/v2\/tags?post=66"}],"curies":[{"name":"wp","href":"https:\/\/api.w.org\/{rel}","templated":true}]}}