
{"id":65999,"date":"2017-06-18T19:52:48","date_gmt":"2017-06-18T22:52:48","guid":{"rendered":"http:\/\/www.sudoestehoje.com.br\/novoportal\/?p=65999"},"modified":"2017-06-18T20:49:36","modified_gmt":"2017-06-18T23:49:36","slug":"itapetinga-motorista-atropela-cadeirante-e-acaba-morrendo-no-acidente","status":"publish","type":"post","link":"https:\/\/www.sudoestehoje.com.br\/novoportal\/2017\/06\/18\/itapetinga-motorista-atropela-cadeirante-e-acaba-morrendo-no-acidente\/","title":{"rendered":"ITAPETINGA: MOTORISTA ATROPELA CADEIRANTE E ACABA MORRENDO NO ACIDENTE"},"content":{"rendered":"<p><strong><em>Por Davi Ferraz<\/em><\/strong><\/p>\n<p><a href=\"http:\/\/www.sudoestehoje.com.br\/novoportal\/wp-content\/uploads\/2017\/06\/capotamento.jpeg\"><img loading=\"lazy\" decoding=\"async\" class=\"aligncenter size-full wp-image-66000\" src=\"http:\/\/www.sudoestehoje.com.br\/novoportal\/wp-content\/uploads\/2017\/06\/capotamento.jpeg\" alt=\"\" width=\"490\" height=\"276\" \/><\/a><\/p>\n<p>Um grave acidente ocorrido no in\u00edcio da noite deste domingo (18), na Avenida Julio Rodrigues, na Vila Isabel, em Itapetinga, deixou mais uma v\u00edtima fatal.<\/p>\n<p>As primeiras informa\u00e7\u00f5es d\u00e3o conta de quer o condutor de um ve\u00edculo que trafegava em alta velocidade, teria atropelado um cadeirante, perdido o controle e capotado em seguida.<\/p>\n<p><a href=\"http:\/\/www.sudoestehoje.com.br\/novoportal\/wp-content\/uploads\/2017\/06\/vitima.jpeg\"><img loading=\"lazy\" decoding=\"async\" class=\"size-full wp-image-66001 alignright\" src=\"http:\/\/www.sudoestehoje.com.br\/novoportal\/wp-content\/uploads\/2017\/06\/vitima.jpeg\" alt=\"\" width=\"265\" height=\"246\" \/><\/a><\/p>\n<p>Sem cinto de seguran\u00e7a, o condutor foi arremessado para fora do ve\u00edculo, tendo o cr\u00e2nio totalmente esmagado, o que dificultou o seu reconhecimento. Por se tratar de\u00a0ve\u00edculo emprestado, a v\u00edtima foi inicialmente confundida com o dono do carro, mas a sua identidade foi confirmada por parentes e amigos.<\/p>\n<p>Ap\u00f3s o trabalho da Pol\u00edcia T\u00e9cnica e informa\u00e7\u00f5es de amigos e familiares, o corpo do homem foi identificado como Watila Soares, sendo levado para o Instituto M\u00e9dico Legal (IML) de Itapetinga.<\/p>\n<p>O cadeirante, ainda n\u00e3o identificado, teria sido conduzido pelo SAMU-192 para o Hospital Cristo Redentor, e ainda n\u00e3o h\u00e1 nenhuma informa\u00e7\u00e3o sobre o seu estado de sa\u00fade.<\/p>\n<p>Aguardem mais informa\u00e7\u00f5es.<\/p>\n","protected":false},"excerpt":{"rendered":"<p>Por Davi Ferraz Um grave acidente ocorrido no in\u00edcio da noite deste domingo (18), na Avenida Julio Rodrigues, na Vila Isabel, em Itapetinga, deixou mais uma v\u00edtima fatal. As primeiras informa\u00e7\u00f5es d\u00e3o conta de quer o condutor de um ve\u00edculo que trafegava em alta velocidade, teria atropelado um cadeirante, perdido o controle e capotado em [&hellip;]<\/p>\n","protected":false},"author":2,"featured_media":66000,"comment_status":"open","ping_status":"open","sticky":false,"template":"","format":"standard","meta":{"footnotes":"","_links_to":"","_links_to_target":""},"categories":[1],"tags":[],"class_list":["post-65999","post","type-post","status-publish","format-standard","has-post-thumbnail","hentry","category-geral"],"views":3388,"_links":{"self":[{"href":"https:\/\/www.sudoestehoje.com.br\/novoportal\/wp-json\/wp\/v2\/posts\/65999","targetHints":{"allow":["GET"]}}],"collection":[{"href":"https:\/\/www.sudoestehoje.com.br\/novoportal\/wp-json\/wp\/v2\/posts"}],"about":[{"href":"https:\/\/www.sudoestehoje.com.br\/novoportal\/wp-json\/wp\/v2\/types\/post"}],"author":[{"embeddable":true,"href":"https:\/\/www.sudoestehoje.com.br\/novoportal\/wp-json\/wp\/v2\/users\/2"}],"replies":[{"embeddable":true,"href":"https:\/\/www.sudoestehoje.com.br\/novoportal\/wp-json\/wp\/v2\/comments?post=65999"}],"version-history":[{"count":4,"href":"https:\/\/www.sudoestehoje.com.br\/novoportal\/wp-json\/wp\/v2\/posts\/65999\/revisions"}],"predecessor-version":[{"id":66008,"href":"https:\/\/www.sudoestehoje.com.br\/novoportal\/wp-json\/wp\/v2\/posts\/65999\/revisions\/66008"}],"wp:featuredmedia":[{"embeddable":true,"href":"https:\/\/www.sudoestehoje.com.br\/novoportal\/wp-json\/wp\/v2\/media\/66000"}],"wp:attachment":[{"href":"https:\/\/www.sudoestehoje.com.br\/novoportal\/wp-json\/wp\/v2\/media?parent=65999"}],"wp:term":[{"taxonomy":"category","embeddable":true,"href":"https:\/\/www.sudoestehoje.com.br\/novoportal\/wp-json\/wp\/v2\/categories?post=65999"},{"taxonomy":"post_tag","embeddable":true,"href":"https:\/\/www.sudoestehoje.com.br\/novoportal\/wp-json\/wp\/v2\/tags?post=65999"}],"curies":[{"name":"wp","href":"https:\/\/api.w.org\/{rel}","templated":true}]}}