
{"id":65992,"date":"2017-06-18T10:26:30","date_gmt":"2017-06-18T13:26:30","guid":{"rendered":"http:\/\/www.sudoestehoje.com.br\/novoportal\/?p=65992"},"modified":"2017-06-18T10:30:05","modified_gmt":"2017-06-18T13:30:05","slug":"assista-a-nova-reportagem-do-globo-rural-em-itapetinga-e-regiao","status":"publish","type":"post","link":"https:\/\/www.sudoestehoje.com.br\/novoportal\/2017\/06\/18\/assista-a-nova-reportagem-do-globo-rural-em-itapetinga-e-regiao\/","title":{"rendered":"ASSISTA A NOVA REPORTAGEM DO GLOBO RURAL EM ITAPETINGA E REGI\u00c3O"},"content":{"rendered":"<p><a href=\"http:\/\/www.sudoestehoje.com.br\/novoportal\/wp-content\/uploads\/2017\/06\/globorural-210915-1100x600.jpg\"><img loading=\"lazy\" decoding=\"async\" class=\"aligncenter size-medium wp-image-65994\" src=\"http:\/\/www.sudoestehoje.com.br\/novoportal\/wp-content\/uploads\/2017\/06\/globorural-210915-1100x600-500x273.jpg\" alt=\"\" width=\"500\" height=\"273\" srcset=\"https:\/\/www.sudoestehoje.com.br\/novoportal\/wp-content\/uploads\/2017\/06\/globorural-210915-1100x600-500x273.jpg 500w, https:\/\/www.sudoestehoje.com.br\/novoportal\/wp-content\/uploads\/2017\/06\/globorural-210915-1100x600-768x419.jpg 768w, https:\/\/www.sudoestehoje.com.br\/novoportal\/wp-content\/uploads\/2017\/06\/globorural-210915-1100x600-700x382.jpg 700w, https:\/\/www.sudoestehoje.com.br\/novoportal\/wp-content\/uploads\/2017\/06\/globorural-210915-1100x600.jpg 1100w\" sizes=\"auto, (max-width: 500px) 100vw, 500px\" \/><\/a><\/p>\n<p>Na manh\u00e3 deste domingo, o programa Globo Rural exibiu uma nova reportagem sobre Itapetinga, mostrando a luta dos pecuarista para recuperarem as pastagens devastadas pela seca dos \u00faltimos 5 anos, que assolou a maioria das propriedades rurais em toda a regi\u00e3o.<\/p>\n<p>Com um cen\u00e1rio bem diferente daquele encontrado no ano passado, no auge da seca, a nova reportagem do Globo Rural mostra como est\u00e1 a regi\u00e3o, depois da normaliza\u00e7\u00e3o das chuvas.<strong><em> Confira a mat\u00e9ria no Globo<\/em> <em>Play<\/em><\/strong>:<\/p>\n<p><span style=\"color: #0000ff;\"><strong><a style=\"color: #0000ff;\" href=\"https:\/\/globoplay.globo.com\/v\/5946259\/\">globoplay.globo.com<\/a><\/strong><\/span><\/p>\n","protected":false},"excerpt":{"rendered":"<p>Na manh\u00e3 deste domingo, o programa Globo Rural exibiu uma nova reportagem sobre Itapetinga, mostrando a luta dos pecuarista para recuperarem as pastagens devastadas pela seca dos \u00faltimos 5 anos, que assolou a maioria das propriedades rurais em toda a regi\u00e3o. Com um cen\u00e1rio bem diferente daquele encontrado no ano passado, no auge da seca, [&hellip;]<\/p>\n","protected":false},"author":2,"featured_media":65994,"comment_status":"open","ping_status":"open","sticky":false,"template":"","format":"standard","meta":{"footnotes":"","_links_to":"","_links_to_target":""},"categories":[1],"tags":[],"class_list":["post-65992","post","type-post","status-publish","format-standard","has-post-thumbnail","hentry","category-geral"],"views":3891,"_links":{"self":[{"href":"https:\/\/www.sudoestehoje.com.br\/novoportal\/wp-json\/wp\/v2\/posts\/65992","targetHints":{"allow":["GET"]}}],"collection":[{"href":"https:\/\/www.sudoestehoje.com.br\/novoportal\/wp-json\/wp\/v2\/posts"}],"about":[{"href":"https:\/\/www.sudoestehoje.com.br\/novoportal\/wp-json\/wp\/v2\/types\/post"}],"author":[{"embeddable":true,"href":"https:\/\/www.sudoestehoje.com.br\/novoportal\/wp-json\/wp\/v2\/users\/2"}],"replies":[{"embeddable":true,"href":"https:\/\/www.sudoestehoje.com.br\/novoportal\/wp-json\/wp\/v2\/comments?post=65992"}],"version-history":[{"count":5,"href":"https:\/\/www.sudoestehoje.com.br\/novoportal\/wp-json\/wp\/v2\/posts\/65992\/revisions"}],"predecessor-version":[{"id":65998,"href":"https:\/\/www.sudoestehoje.com.br\/novoportal\/wp-json\/wp\/v2\/posts\/65992\/revisions\/65998"}],"wp:featuredmedia":[{"embeddable":true,"href":"https:\/\/www.sudoestehoje.com.br\/novoportal\/wp-json\/wp\/v2\/media\/65994"}],"wp:attachment":[{"href":"https:\/\/www.sudoestehoje.com.br\/novoportal\/wp-json\/wp\/v2\/media?parent=65992"}],"wp:term":[{"taxonomy":"category","embeddable":true,"href":"https:\/\/www.sudoestehoje.com.br\/novoportal\/wp-json\/wp\/v2\/categories?post=65992"},{"taxonomy":"post_tag","embeddable":true,"href":"https:\/\/www.sudoestehoje.com.br\/novoportal\/wp-json\/wp\/v2\/tags?post=65992"}],"curies":[{"name":"wp","href":"https:\/\/api.w.org\/{rel}","templated":true}]}}